{"id":1096,"date":"2017-04-20T07:48:48","date_gmt":"2017-04-20T07:48:48","guid":{"rendered":"https:\/\/ff-fuegen.at\/?p=1096"},"modified":"2017-09-28T07:49:09","modified_gmt":"2017-09-28T07:49:09","slug":"brand-elektrogeraet","status":"publish","type":"post","link":"https:\/\/ff-fuegen.at\/?p=1096","title":{"rendered":"Brand Elektroger\u00e4t"},"content":{"rendered":"<p class=\"bodytext\">Kurz nach dem Verdacht auf einen Kaminbrand wurde die FF F\u00fcgen um 19:58 Uhr mittels Pagersammelruf und Sirenenalarm erneut zu einem Brand gerufen. Dieses Mal handelte es sich um einen Defekt an einem Traffo an der Hochf\u00fcgenerstra\u00dfe, wodurch es zu einer starken Rauchentwicklung kam.<\/p>\n<p class=\"bodytext\">Beim Eintreffen am Brandobjekt war bereits ein Mitarbeiter der Tiwag vor Ort und veranlasste eine sofortige Stromabschaltung. Die FF-F\u00fcgen baute in der Zwischenzeit den Brandschutz auf und sperrte die Stra\u00dfe ab.<\/p>\n<p class=\"bodytext\">Um 20:35 Uhr konnten die Mitglieder der FF F\u00fcgen wieder ins Ger\u00e4tehaus einr\u00fccken. Wir standen mit dem KDO-A und einem TLF sowie 33 KameradInnen im Einsatz.<\/p>\n","protected":false},"excerpt":{"rendered":"<div class=\"entry-summary\">\n<div class=\"entry-summary\">\nKurz nach dem Verdacht auf einen Kaminbrand wurde die FF F\u00fcgen um&hellip;\n<\/div>\n<div class=\"link-more\"><a href=\"https:\/\/ff-fuegen.at\/?p=1096\" class=\"more-link\">Continue reading<span class=\"screen-reader-text\"> &ldquo;Brand Elektroger\u00e4t&rdquo;<\/span>&hellip;<\/a><\/div>\n<\/div>\n<div class=\"link-more\"><a href=\"https:\/\/ff-fuegen.at\/?p=1096\" class=\"more-link\">Continue reading<span class=\"screen-reader-text\"> &ldquo;Brand Elektroger\u00e4t&rdquo;<\/span>&hellip;<\/a><\/div>\n","protected":false},"author":5,"featured_media":0,"comment_status":"closed","ping_status":"closed","sticky":false,"template":"","format":"standard","meta":{"_acf_changed":false,"footnotes":""},"categories":[50],"tags":[],"class_list":["post-1096","post","type-post","status-publish","format-standard","hentry","category-2017-einsaetze","entry"],"acf":[],"_links":{"self":[{"href":"https:\/\/ff-fuegen.at\/index.php?rest_route=\/wp\/v2\/posts\/1096","targetHints":{"allow":["GET"]}}],"collection":[{"href":"https:\/\/ff-fuegen.at\/index.php?rest_route=\/wp\/v2\/posts"}],"about":[{"href":"https:\/\/ff-fuegen.at\/index.php?rest_route=\/wp\/v2\/types\/post"}],"author":[{"embeddable":true,"href":"https:\/\/ff-fuegen.at\/index.php?rest_route=\/wp\/v2\/users\/5"}],"replies":[{"embeddable":true,"href":"https:\/\/ff-fuegen.at\/index.php?rest_route=%2Fwp%2Fv2%2Fcomments&post=1096"}],"version-history":[{"count":0,"href":"https:\/\/ff-fuegen.at\/index.php?rest_route=\/wp\/v2\/posts\/1096\/revisions"}],"wp:attachment":[{"href":"https:\/\/ff-fuegen.at\/index.php?rest_route=%2Fwp%2Fv2%2Fmedia&parent=1096"}],"wp:term":[{"taxonomy":"category","embeddable":true,"href":"https:\/\/ff-fuegen.at\/index.php?rest_route=%2Fwp%2Fv2%2Fcategories&post=1096"},{"taxonomy":"post_tag","embeddable":true,"href":"https:\/\/ff-fuegen.at\/index.php?rest_route=%2Fwp%2Fv2%2Ftags&post=1096"}],"curies":[{"name":"wp","href":"https:\/\/api.w.org\/{rel}","templated":true}]}}