{"id":1294,"date":"2017-12-02T13:26:38","date_gmt":"2017-12-02T13:26:38","guid":{"rendered":"https:\/\/ff-fuegen.at\/?p=1294"},"modified":"2018-04-13T07:22:41","modified_gmt":"2018-04-13T07:22:41","slug":"nikolauskraenzchen","status":"publish","type":"post","link":"https:\/\/ff-fuegen.at\/?p=1294","title":{"rendered":"Nikolauskr\u00e4nzchen"},"content":{"rendered":"<p>Am 2. Dezember 2017 hielt die FF F\u00fcgen ihr allj\u00e4hrliches Nikolauskr\u00e4nzchen im Hotel &#8222;Kosis&#8220; in F\u00fcgen ab. Dazu konnte Kdt HAUN Reinhard neben zahlreichen KameradInnen mit Frau\/Mann, Freundin\/Freund, noch die Patinen ANKER Lisi, BAUMANN Ursula und HAUN Erna sowie Bgm Mag MAINUSCH Dominik begr\u00fc\u00dfen.<\/p>\n<p>Musikalisch umrahm mit entsprechender Musik wurde von &#8222;Manfred und Roman&#8220;. Die Frauen erhielten vom &#8222;Nikolaus&#8220; ein S\u00e4ckchen \u00fcberreicht. Nach einem ausgezeichnetem Men\u00fc, welches jedem schmeckte, klang das Kr\u00e4nzchen gem\u00fctlich aus.<\/p>\n<p>&nbsp;<\/p>\n","protected":false},"excerpt":{"rendered":"<div class=\"entry-summary\">\n<div class=\"entry-summary\">\nAm 2. Dezember 2017 hielt die FF F\u00fcgen ihr allj\u00e4hrliches Nikolauskr\u00e4nzchen im&hellip;\n<\/div>\n<div class=\"link-more\"><a href=\"https:\/\/ff-fuegen.at\/?p=1294\" class=\"more-link\">Continue reading<span class=\"screen-reader-text\"> &ldquo;Nikolauskr\u00e4nzchen&rdquo;<\/span>&hellip;<\/a><\/div>\n<\/div>\n<div class=\"link-more\"><a href=\"https:\/\/ff-fuegen.at\/?p=1294\" class=\"more-link\">Continue reading<span class=\"screen-reader-text\"> &ldquo;Nikolauskr\u00e4nzchen&rdquo;<\/span>&hellip;<\/a><\/div>\n","protected":false},"author":5,"featured_media":886,"comment_status":"closed","ping_status":"closed","sticky":false,"template":"","format":"standard","meta":{"_acf_changed":false,"footnotes":""},"categories":[59],"tags":[],"class_list":["post-1294","post","type-post","status-publish","format-standard","has-post-thumbnail","hentry","category-2017-taetigkeiten","entry"],"acf":[],"_links":{"self":[{"href":"https:\/\/ff-fuegen.at\/index.php?rest_route=\/wp\/v2\/posts\/1294","targetHints":{"allow":["GET"]}}],"collection":[{"href":"https:\/\/ff-fuegen.at\/index.php?rest_route=\/wp\/v2\/posts"}],"about":[{"href":"https:\/\/ff-fuegen.at\/index.php?rest_route=\/wp\/v2\/types\/post"}],"author":[{"embeddable":true,"href":"https:\/\/ff-fuegen.at\/index.php?rest_route=\/wp\/v2\/users\/5"}],"replies":[{"embeddable":true,"href":"https:\/\/ff-fuegen.at\/index.php?rest_route=%2Fwp%2Fv2%2Fcomments&post=1294"}],"version-history":[{"count":0,"href":"https:\/\/ff-fuegen.at\/index.php?rest_route=\/wp\/v2\/posts\/1294\/revisions"}],"wp:featuredmedia":[{"embeddable":true,"href":"https:\/\/ff-fuegen.at\/index.php?rest_route=\/wp\/v2\/media\/886"}],"wp:attachment":[{"href":"https:\/\/ff-fuegen.at\/index.php?rest_route=%2Fwp%2Fv2%2Fmedia&parent=1294"}],"wp:term":[{"taxonomy":"category","embeddable":true,"href":"https:\/\/ff-fuegen.at\/index.php?rest_route=%2Fwp%2Fv2%2Fcategories&post=1294"},{"taxonomy":"post_tag","embeddable":true,"href":"https:\/\/ff-fuegen.at\/index.php?rest_route=%2Fwp%2Fv2%2Ftags&post=1294"}],"curies":[{"name":"wp","href":"https:\/\/api.w.org\/{rel}","templated":true}]}}