{"id":2321,"date":"2019-09-08T15:24:20","date_gmt":"2019-09-08T15:24:20","guid":{"rendered":"https:\/\/ff-fuegen.at\/?p=2321"},"modified":"2019-09-09T06:16:14","modified_gmt":"2019-09-09T06:16:14","slug":"person-eingeschlossen-3","status":"publish","type":"post","link":"https:\/\/ff-fuegen.at\/?p=2321","title":{"rendered":"Person eingeschlossen"},"content":{"rendered":"<p>Am Samstagabend (07. September) wurden wir, zwischen unseren beiden Storcheins\u00e4tzen,\u00a0um 21:03 Uhr per Pagersammelruf zu einer eingeschlossenen Person alarmiert. Rettung und Polizei hatten uns nachgefordert, wir r\u00fcckten mit dem TLF-2 zum Einsatzort aus.<\/p>\n<p>Eine Person hat den Hausnotruf bet\u00e4tigt und die Eingangst\u00fcr war verschlossen. Die Polizei verschaffte sich noch vor unserem Eintreffen Zugang zum Geb\u00e4ude. Unsere Aufgabe war es dann die geschaffene \u00d6ffnung provisorisch zu verschlie\u00dfen. Es stellte sich heraus, dass der Notruf versehentlich gedr\u00fcckt wurde und es sich zum Gl\u00fcck um keinen Notfall handelte.<\/p>\n<p>Wir r\u00fcckten anschlie\u00dfend wieder ein. Im Einsatz standen 9 Mitglieder, weitere 20 befanden sich auf Bereitschaft im Ger\u00e4tehaus.<\/p>\n","protected":false},"excerpt":{"rendered":"<div class=\"entry-summary\">\n<div class=\"entry-summary\">\nAm Samstagabend (07. September) wurden wir, zwischen unseren beiden Storcheins\u00e4tzen,\u00a0um 21:03 Uhr&hellip;\n<\/div>\n<div class=\"link-more\"><a href=\"https:\/\/ff-fuegen.at\/?p=2321\" class=\"more-link\">Continue reading<span class=\"screen-reader-text\"> &ldquo;Person eingeschlossen&rdquo;<\/span>&hellip;<\/a><\/div>\n<\/div>\n<div class=\"link-more\"><a href=\"https:\/\/ff-fuegen.at\/?p=2321\" class=\"more-link\">Continue reading<span class=\"screen-reader-text\"> &ldquo;Person eingeschlossen&rdquo;<\/span>&hellip;<\/a><\/div>\n","protected":false},"author":5,"featured_media":1330,"comment_status":"closed","ping_status":"closed","sticky":false,"template":"","format":"standard","meta":{"_acf_changed":false,"footnotes":""},"categories":[85],"tags":[],"class_list":["post-2321","post","type-post","status-publish","format-standard","has-post-thumbnail","hentry","category-2019-einsaetze","entry"],"acf":[],"_links":{"self":[{"href":"https:\/\/ff-fuegen.at\/index.php?rest_route=\/wp\/v2\/posts\/2321","targetHints":{"allow":["GET"]}}],"collection":[{"href":"https:\/\/ff-fuegen.at\/index.php?rest_route=\/wp\/v2\/posts"}],"about":[{"href":"https:\/\/ff-fuegen.at\/index.php?rest_route=\/wp\/v2\/types\/post"}],"author":[{"embeddable":true,"href":"https:\/\/ff-fuegen.at\/index.php?rest_route=\/wp\/v2\/users\/5"}],"replies":[{"embeddable":true,"href":"https:\/\/ff-fuegen.at\/index.php?rest_route=%2Fwp%2Fv2%2Fcomments&post=2321"}],"version-history":[{"count":0,"href":"https:\/\/ff-fuegen.at\/index.php?rest_route=\/wp\/v2\/posts\/2321\/revisions"}],"wp:featuredmedia":[{"embeddable":true,"href":"https:\/\/ff-fuegen.at\/index.php?rest_route=\/wp\/v2\/media\/1330"}],"wp:attachment":[{"href":"https:\/\/ff-fuegen.at\/index.php?rest_route=%2Fwp%2Fv2%2Fmedia&parent=2321"}],"wp:term":[{"taxonomy":"category","embeddable":true,"href":"https:\/\/ff-fuegen.at\/index.php?rest_route=%2Fwp%2Fv2%2Fcategories&post=2321"},{"taxonomy":"post_tag","embeddable":true,"href":"https:\/\/ff-fuegen.at\/index.php?rest_route=%2Fwp%2Fv2%2Ftags&post=2321"}],"curies":[{"name":"wp","href":"https:\/\/api.w.org\/{rel}","templated":true}]}}