{"id":2480,"date":"2019-11-11T19:14:57","date_gmt":"2019-11-11T19:14:57","guid":{"rendered":"https:\/\/ff-fuegen.at\/?p=2480"},"modified":"2019-11-16T15:02:07","modified_gmt":"2019-11-16T15:02:07","slug":"absperrdienste","status":"publish","type":"post","link":"https:\/\/ff-fuegen.at\/?p=2480","title":{"rendered":"Absperrdienste"},"content":{"rendered":"<p>Im November und Dezember finden immer viele Veranstaltungen statt, auch wir werden daf\u00fcr verst\u00e4rkt ben\u00f6tigt.<\/p>\n<p>Am 09. November veranstalteten die J\u00e4ger wieder die Hubertusfeier bei der Marienbergkapelle. Wir waren mit dem Last und 6 Mitgliedern vor Ort, um die Stra\u00dfe abzusperren und beim Fackelzug die Brandsicherheit zu gew\u00e4hrleisten.<\/p>\n<p>Am 11. November fanden im ganzen Land die Martinsumz\u00fcge statt, so auch bei uns. Der Kindergarten F\u00fcgenberg hat uns gefragt, ob wir die Kinder begleiten k\u00f6nnen, damit sie sicher am Ziel ankommen. Da waren wir nat\u00fcrlich mit 4 Mitgliedern dabei.<\/p>\n","protected":false},"excerpt":{"rendered":"<div class=\"entry-summary\">\n<div class=\"entry-summary\">\nIm November und Dezember finden immer viele Veranstaltungen statt, auch wir werden&hellip;\n<\/div>\n<div class=\"link-more\"><a href=\"https:\/\/ff-fuegen.at\/?p=2480\" class=\"more-link\">Continue reading<span class=\"screen-reader-text\"> &ldquo;Absperrdienste&rdquo;<\/span>&hellip;<\/a><\/div>\n<\/div>\n<div class=\"link-more\"><a href=\"https:\/\/ff-fuegen.at\/?p=2480\" class=\"more-link\">Continue reading<span class=\"screen-reader-text\"> &ldquo;Absperrdienste&rdquo;<\/span>&hellip;<\/a><\/div>\n","protected":false},"author":5,"featured_media":1344,"comment_status":"closed","ping_status":"closed","sticky":false,"template":"","format":"standard","meta":{"_acf_changed":false,"footnotes":""},"categories":[84],"tags":[],"class_list":["post-2480","post","type-post","status-publish","format-standard","has-post-thumbnail","hentry","category-2019-taetigkeiten","entry"],"acf":[],"_links":{"self":[{"href":"https:\/\/ff-fuegen.at\/index.php?rest_route=\/wp\/v2\/posts\/2480","targetHints":{"allow":["GET"]}}],"collection":[{"href":"https:\/\/ff-fuegen.at\/index.php?rest_route=\/wp\/v2\/posts"}],"about":[{"href":"https:\/\/ff-fuegen.at\/index.php?rest_route=\/wp\/v2\/types\/post"}],"author":[{"embeddable":true,"href":"https:\/\/ff-fuegen.at\/index.php?rest_route=\/wp\/v2\/users\/5"}],"replies":[{"embeddable":true,"href":"https:\/\/ff-fuegen.at\/index.php?rest_route=%2Fwp%2Fv2%2Fcomments&post=2480"}],"version-history":[{"count":0,"href":"https:\/\/ff-fuegen.at\/index.php?rest_route=\/wp\/v2\/posts\/2480\/revisions"}],"wp:featuredmedia":[{"embeddable":true,"href":"https:\/\/ff-fuegen.at\/index.php?rest_route=\/wp\/v2\/media\/1344"}],"wp:attachment":[{"href":"https:\/\/ff-fuegen.at\/index.php?rest_route=%2Fwp%2Fv2%2Fmedia&parent=2480"}],"wp:term":[{"taxonomy":"category","embeddable":true,"href":"https:\/\/ff-fuegen.at\/index.php?rest_route=%2Fwp%2Fv2%2Fcategories&post=2480"},{"taxonomy":"post_tag","embeddable":true,"href":"https:\/\/ff-fuegen.at\/index.php?rest_route=%2Fwp%2Fv2%2Ftags&post=2480"}],"curies":[{"name":"wp","href":"https:\/\/api.w.org\/{rel}","templated":true}]}}