{"id":2511,"date":"2019-11-17T23:37:18","date_gmt":"2019-11-17T23:37:18","guid":{"rendered":"https:\/\/ff-fuegen.at\/?p=2511"},"modified":"2019-11-19T08:37:46","modified_gmt":"2019-11-19T08:37:46","slug":"technische-hilfeleistung","status":"publish","type":"post","link":"https:\/\/ff-fuegen.at\/?p=2511","title":{"rendered":"Technische Hilfeleistung"},"content":{"rendered":"<p>Am Sonntagabend, 17. November 2019, wurden wir per Telefon zu einer technischen Hilfeleistung gerufen.<\/p>\n<p>Aufgrund des ganzt\u00e4gig schlechten Wetters hatten die B\u00e4ume speziell am F\u00fcgenberg einiges auszuhalten. Einer davon hielt dem nicht Stand und hing auf die Stra\u00dfe. Wir waren ohnehin mit den Aufr\u00e4umarbeiten nach dem Atemschutzbewerb besch\u00e4ftigt und daher schon im Ger\u00e4tehaus. Somit r\u00fcckten wir umgehend mit dem LFB-A zum Einsatzort aus und schnitten mit der Motors\u00e4ge die \u00fcberstehenden \u00c4ste des Baumes ab.<\/p>\n<p>Nach kurzer Zeit r\u00fcckten wir dann wieder ins Ger\u00e4tehaus ein. Es waren 7 Mitglieder am Einsatz beteiligt.<\/p>\n","protected":false},"excerpt":{"rendered":"<div class=\"entry-summary\">\n<div class=\"entry-summary\">\nAm Sonntagabend, 17. November 2019, wurden wir per Telefon zu einer technischen&hellip;\n<\/div>\n<div class=\"link-more\"><a href=\"https:\/\/ff-fuegen.at\/?p=2511\" class=\"more-link\">Continue reading<span class=\"screen-reader-text\"> &ldquo;Technische Hilfeleistung&rdquo;<\/span>&hellip;<\/a><\/div>\n<\/div>\n<div class=\"link-more\"><a href=\"https:\/\/ff-fuegen.at\/?p=2511\" class=\"more-link\">Continue reading<span class=\"screen-reader-text\"> &ldquo;Technische Hilfeleistung&rdquo;<\/span>&hellip;<\/a><\/div>\n","protected":false},"author":5,"featured_media":1349,"comment_status":"closed","ping_status":"closed","sticky":false,"template":"","format":"standard","meta":{"_acf_changed":false,"footnotes":""},"categories":[85],"tags":[],"class_list":["post-2511","post","type-post","status-publish","format-standard","has-post-thumbnail","hentry","category-2019-einsaetze","entry"],"acf":[],"_links":{"self":[{"href":"https:\/\/ff-fuegen.at\/index.php?rest_route=\/wp\/v2\/posts\/2511","targetHints":{"allow":["GET"]}}],"collection":[{"href":"https:\/\/ff-fuegen.at\/index.php?rest_route=\/wp\/v2\/posts"}],"about":[{"href":"https:\/\/ff-fuegen.at\/index.php?rest_route=\/wp\/v2\/types\/post"}],"author":[{"embeddable":true,"href":"https:\/\/ff-fuegen.at\/index.php?rest_route=\/wp\/v2\/users\/5"}],"replies":[{"embeddable":true,"href":"https:\/\/ff-fuegen.at\/index.php?rest_route=%2Fwp%2Fv2%2Fcomments&post=2511"}],"version-history":[{"count":0,"href":"https:\/\/ff-fuegen.at\/index.php?rest_route=\/wp\/v2\/posts\/2511\/revisions"}],"wp:featuredmedia":[{"embeddable":true,"href":"https:\/\/ff-fuegen.at\/index.php?rest_route=\/wp\/v2\/media\/1349"}],"wp:attachment":[{"href":"https:\/\/ff-fuegen.at\/index.php?rest_route=%2Fwp%2Fv2%2Fmedia&parent=2511"}],"wp:term":[{"taxonomy":"category","embeddable":true,"href":"https:\/\/ff-fuegen.at\/index.php?rest_route=%2Fwp%2Fv2%2Fcategories&post=2511"},{"taxonomy":"post_tag","embeddable":true,"href":"https:\/\/ff-fuegen.at\/index.php?rest_route=%2Fwp%2Fv2%2Ftags&post=2511"}],"curies":[{"name":"wp","href":"https:\/\/api.w.org\/{rel}","templated":true}]}}