{"id":2527,"date":"2019-11-27T21:44:04","date_gmt":"2019-11-27T21:44:04","guid":{"rendered":"https:\/\/ff-fuegen.at\/?p=2527"},"modified":"2019-11-28T16:53:12","modified_gmt":"2019-11-28T16:53:12","slug":"bmas-hotel-lamark","status":"publish","type":"post","link":"https:\/\/ff-fuegen.at\/?p=2527","title":{"rendered":"BMAs Hotel Lamark"},"content":{"rendered":"<p>Am Mittwoch, 27. November 2019, wurden wir gleich zweimal zu einem Brandmeldealarm beim Hotel Lamark in Hochf\u00fcgen gerufen.<\/p>\n<p>Zum ersten Mal am Vormittag, per Sammelruf um 10:36 Uhr. Von den Mitgliedern in Hochf\u00fcgen konnte vor Ort allerdings kein Grund f\u00fcr den Alarm gefunden werden, sie gingen von einer St\u00f6rung aus. Somit wurde von den Hotelinhabern noch am selben Tag ein Techniker gerufen. Im Ger\u00e4tehaus F\u00fcgen waren bis zur Aussendung der Stornomeldung 5 Mitglieder.<\/p>\n<p>Der zweite Pagersammelruf kam dann am Nachmittag um 16:14 Uhr. Auch dieses Mal konnte kein Grund f\u00fcr die Alarmierung herausgefunden werden. Der Techniker arbeitete allerdings noch vor Ort im Hotel. Im Ger\u00e4tehaus F\u00fcgen befanden sich diesmal 9 Mitglieder.<\/p>\n","protected":false},"excerpt":{"rendered":"<div class=\"entry-summary\">\n<div class=\"entry-summary\">\nAm Mittwoch, 27. November 2019, wurden wir gleich zweimal zu einem Brandmeldealarm&hellip;\n<\/div>\n<div class=\"link-more\"><a href=\"https:\/\/ff-fuegen.at\/?p=2527\" class=\"more-link\">Continue reading<span class=\"screen-reader-text\"> &ldquo;BMAs Hotel Lamark&rdquo;<\/span>&hellip;<\/a><\/div>\n<\/div>\n<div class=\"link-more\"><a href=\"https:\/\/ff-fuegen.at\/?p=2527\" class=\"more-link\">Continue reading<span class=\"screen-reader-text\"> &ldquo;BMAs Hotel Lamark&rdquo;<\/span>&hellip;<\/a><\/div>\n","protected":false},"author":5,"featured_media":1335,"comment_status":"closed","ping_status":"closed","sticky":false,"template":"","format":"standard","meta":{"_acf_changed":false,"footnotes":""},"categories":[85],"tags":[],"class_list":["post-2527","post","type-post","status-publish","format-standard","has-post-thumbnail","hentry","category-2019-einsaetze","entry"],"acf":[],"_links":{"self":[{"href":"https:\/\/ff-fuegen.at\/index.php?rest_route=\/wp\/v2\/posts\/2527","targetHints":{"allow":["GET"]}}],"collection":[{"href":"https:\/\/ff-fuegen.at\/index.php?rest_route=\/wp\/v2\/posts"}],"about":[{"href":"https:\/\/ff-fuegen.at\/index.php?rest_route=\/wp\/v2\/types\/post"}],"author":[{"embeddable":true,"href":"https:\/\/ff-fuegen.at\/index.php?rest_route=\/wp\/v2\/users\/5"}],"replies":[{"embeddable":true,"href":"https:\/\/ff-fuegen.at\/index.php?rest_route=%2Fwp%2Fv2%2Fcomments&post=2527"}],"version-history":[{"count":0,"href":"https:\/\/ff-fuegen.at\/index.php?rest_route=\/wp\/v2\/posts\/2527\/revisions"}],"wp:featuredmedia":[{"embeddable":true,"href":"https:\/\/ff-fuegen.at\/index.php?rest_route=\/wp\/v2\/media\/1335"}],"wp:attachment":[{"href":"https:\/\/ff-fuegen.at\/index.php?rest_route=%2Fwp%2Fv2%2Fmedia&parent=2527"}],"wp:term":[{"taxonomy":"category","embeddable":true,"href":"https:\/\/ff-fuegen.at\/index.php?rest_route=%2Fwp%2Fv2%2Fcategories&post=2527"},{"taxonomy":"post_tag","embeddable":true,"href":"https:\/\/ff-fuegen.at\/index.php?rest_route=%2Fwp%2Fv2%2Ftags&post=2527"}],"curies":[{"name":"wp","href":"https:\/\/api.w.org\/{rel}","templated":true}]}}