{"id":2568,"date":"2019-12-27T22:51:16","date_gmt":"2019-12-27T22:51:16","guid":{"rendered":"https:\/\/ff-fuegen.at\/?p=2568"},"modified":"2020-01-05T12:37:46","modified_gmt":"2020-01-05T12:37:46","slug":"oelspur-geolserstrasse","status":"publish","type":"post","link":"https:\/\/ff-fuegen.at\/?p=2568","title":{"rendered":"\u00d6lspur Geolserstra\u00dfe"},"content":{"rendered":"<p>Am 27. Dezember um 12:29 Uhr wurden wir aufgrund einer \u00d6lspur auf der Geolserstra\u00dfe angerufen. Nach der Meldung des Einsatzes \u00fcber die Leitstelle fuhren wir mit dem Last zum Einsatzort aus.<\/p>\n<p>Nach ca. einer Stunde Arbeit war das ausgelaufene \u00d6l mit 8 S\u00e4cken Bindemittel von der Stra\u00dfe entfernt worden. Anschlie\u00dfend r\u00fcckten wir wieder ins Ger\u00e4tehaus ein.<\/p>\n<p>Vor Ort befanden sich 6 Mitglieder der Feuerwehr F\u00fcgen, im Ger\u00e4tehaus waren weitere 2 Mitglieder auf Bereitschaft.<\/p>\n","protected":false},"excerpt":{"rendered":"<div class=\"entry-summary\">\n<div class=\"entry-summary\">\nAm 27. Dezember um 12:29 Uhr wurden wir aufgrund einer \u00d6lspur auf&hellip;\n<\/div>\n<div class=\"link-more\"><a href=\"https:\/\/ff-fuegen.at\/?p=2568\" class=\"more-link\">Continue reading<span class=\"screen-reader-text\"> &ldquo;\u00d6lspur Geolserstra\u00dfe&rdquo;<\/span>&hellip;<\/a><\/div>\n<\/div>\n<div class=\"link-more\"><a href=\"https:\/\/ff-fuegen.at\/?p=2568\" class=\"more-link\">Continue reading<span class=\"screen-reader-text\"> &ldquo;\u00d6lspur Geolserstra\u00dfe&rdquo;<\/span>&hellip;<\/a><\/div>\n","protected":false},"author":5,"featured_media":1344,"comment_status":"closed","ping_status":"closed","sticky":false,"template":"","format":"standard","meta":{"_acf_changed":false,"footnotes":""},"categories":[85],"tags":[],"class_list":["post-2568","post","type-post","status-publish","format-standard","has-post-thumbnail","hentry","category-2019-einsaetze","entry"],"acf":[],"_links":{"self":[{"href":"https:\/\/ff-fuegen.at\/index.php?rest_route=\/wp\/v2\/posts\/2568","targetHints":{"allow":["GET"]}}],"collection":[{"href":"https:\/\/ff-fuegen.at\/index.php?rest_route=\/wp\/v2\/posts"}],"about":[{"href":"https:\/\/ff-fuegen.at\/index.php?rest_route=\/wp\/v2\/types\/post"}],"author":[{"embeddable":true,"href":"https:\/\/ff-fuegen.at\/index.php?rest_route=\/wp\/v2\/users\/5"}],"replies":[{"embeddable":true,"href":"https:\/\/ff-fuegen.at\/index.php?rest_route=%2Fwp%2Fv2%2Fcomments&post=2568"}],"version-history":[{"count":0,"href":"https:\/\/ff-fuegen.at\/index.php?rest_route=\/wp\/v2\/posts\/2568\/revisions"}],"wp:featuredmedia":[{"embeddable":true,"href":"https:\/\/ff-fuegen.at\/index.php?rest_route=\/wp\/v2\/media\/1344"}],"wp:attachment":[{"href":"https:\/\/ff-fuegen.at\/index.php?rest_route=%2Fwp%2Fv2%2Fmedia&parent=2568"}],"wp:term":[{"taxonomy":"category","embeddable":true,"href":"https:\/\/ff-fuegen.at\/index.php?rest_route=%2Fwp%2Fv2%2Fcategories&post=2568"},{"taxonomy":"post_tag","embeddable":true,"href":"https:\/\/ff-fuegen.at\/index.php?rest_route=%2Fwp%2Fv2%2Ftags&post=2568"}],"curies":[{"name":"wp","href":"https:\/\/api.w.org\/{rel}","templated":true}]}}