{"id":3056,"date":"2021-02-23T18:39:08","date_gmt":"2021-02-23T18:39:08","guid":{"rendered":"https:\/\/ff-fuegen.at\/?p=3056"},"modified":"2021-02-23T18:39:33","modified_gmt":"2021-02-23T18:39:33","slug":"absage-jahreshauptversammlung","status":"publish","type":"post","link":"https:\/\/ff-fuegen.at\/?p=3056","title":{"rendered":"Absage Jahreshauptversammlung"},"content":{"rendered":"<p>Aufgrund der anhaltenden Beschr\u00e4nkungen durch COVID-19 hat der Ausschuss der FF F\u00fcgen beschlossen die diesj\u00e4hrige Jahreshauptversammlung abzusagen.<\/p>\n<p>Die Kassapr\u00fcfung wird trotzdem durchgef\u00fchrt. Im M\u00e4rz werden ein kurzer Bericht und eine Pr\u00e4sentation \u00fcber das vergangene Berichtsjahr online gestellt. Der Kassabericht ist wie gew\u00f6hnlich auf Nachfrage einsehbar.<\/p>\n<p>Die zahlreichen Angelobungen, Bef\u00f6rderungen und Ehrungen sollen im April nachgeholt werden. Sollte es die Situation zulassen die Florianifeier durchf\u00fchren zu k\u00f6nnen.<\/p>\n","protected":false},"excerpt":{"rendered":"<div class=\"entry-summary\">\n<div class=\"entry-summary\">\nAufgrund der anhaltenden Beschr\u00e4nkungen durch COVID-19 hat der Ausschuss der FF F\u00fcgen&hellip;\n<\/div>\n<div class=\"link-more\"><a href=\"https:\/\/ff-fuegen.at\/?p=3056\" class=\"more-link\">Continue reading<span class=\"screen-reader-text\"> &ldquo;Absage Jahreshauptversammlung&rdquo;<\/span>&hellip;<\/a><\/div>\n<\/div>\n<div class=\"link-more\"><a href=\"https:\/\/ff-fuegen.at\/?p=3056\" class=\"more-link\">Continue reading<span class=\"screen-reader-text\"> &ldquo;Absage Jahreshauptversammlung&rdquo;<\/span>&hellip;<\/a><\/div>\n","protected":false},"author":5,"featured_media":914,"comment_status":"closed","ping_status":"closed","sticky":false,"template":"","format":"standard","meta":{"_acf_changed":false,"footnotes":""},"categories":[7,91],"tags":[],"class_list":["post-3056","post","type-post","status-publish","format-standard","has-post-thumbnail","hentry","category-ankuendigungen","category-2021-taetigkeiten","entry"],"acf":[],"_links":{"self":[{"href":"https:\/\/ff-fuegen.at\/index.php?rest_route=\/wp\/v2\/posts\/3056","targetHints":{"allow":["GET"]}}],"collection":[{"href":"https:\/\/ff-fuegen.at\/index.php?rest_route=\/wp\/v2\/posts"}],"about":[{"href":"https:\/\/ff-fuegen.at\/index.php?rest_route=\/wp\/v2\/types\/post"}],"author":[{"embeddable":true,"href":"https:\/\/ff-fuegen.at\/index.php?rest_route=\/wp\/v2\/users\/5"}],"replies":[{"embeddable":true,"href":"https:\/\/ff-fuegen.at\/index.php?rest_route=%2Fwp%2Fv2%2Fcomments&post=3056"}],"version-history":[{"count":0,"href":"https:\/\/ff-fuegen.at\/index.php?rest_route=\/wp\/v2\/posts\/3056\/revisions"}],"wp:featuredmedia":[{"embeddable":true,"href":"https:\/\/ff-fuegen.at\/index.php?rest_route=\/wp\/v2\/media\/914"}],"wp:attachment":[{"href":"https:\/\/ff-fuegen.at\/index.php?rest_route=%2Fwp%2Fv2%2Fmedia&parent=3056"}],"wp:term":[{"taxonomy":"category","embeddable":true,"href":"https:\/\/ff-fuegen.at\/index.php?rest_route=%2Fwp%2Fv2%2Fcategories&post=3056"},{"taxonomy":"post_tag","embeddable":true,"href":"https:\/\/ff-fuegen.at\/index.php?rest_route=%2Fwp%2Fv2%2Ftags&post=3056"}],"curies":[{"name":"wp","href":"https:\/\/api.w.org\/{rel}","templated":true}]}}