{"id":3117,"date":"2021-03-26T14:03:53","date_gmt":"2021-03-26T14:03:53","guid":{"rendered":"https:\/\/ff-fuegen.at\/?p=3117"},"modified":"2021-03-26T14:16:00","modified_gmt":"2021-03-26T14:16:00","slug":"jahresbericht-feuerwehr-fuegen-202021","status":"publish","type":"post","link":"https:\/\/ff-fuegen.at\/?p=3117","title":{"rendered":"Jahresbericht Feuerwehr F\u00fcgen 2020\/21"},"content":{"rendered":"<p>Da die Jahreshauptversammlung aufgrund von Corona ebenfalls abgesagt werden musste, finden Feuerwehrmitglieder und auch alle unsere interessierten Mitb\u00fcrgerInnen unter folgenden Links einen Bericht und eine kurze PowerPoint-Pr\u00e4sentation.<\/p>\n<p>Diese bieten einen guten \u00dcberblick, was in der FF F\u00fcgen trotz des vergangenen ruhigen Jahres doch alles los war. Grunds\u00e4tzlich hatten wir nicht sehr viel weniger zu tun, au\u00dfer im Bereich der T\u00e4tigkeiten.<\/p>\n<p>&nbsp;<\/p>\n<p><strong>Link zum<\/strong> <strong>Bericht:<\/strong><\/p>\n<p><a href=\"https:\/\/lfvtirol-my.sharepoint.com\/:w:\/g\/personal\/v_haun_feuerwehr_tirol\/EYbvhpGZXnhEljEKd8_SaYAB1p-2TFxsbD101uldW_JKWQ?e=zVFej\" target=\"_blank\" rel=\"noopener\">Bericht zum Feuerwehrjahr 2020\/21<\/a><\/p>\n<p><strong>Link zur PowerPoint-Pr\u00e4sentation:<\/strong><\/p>\n<p><a href=\"https:\/\/lfvtirol-my.sharepoint.com\/:p:\/g\/personal\/v_haun_feuerwehr_tirol\/ERAKH7lHtzpBnUYlJEcNub0Bnqlujo56XVTPnmP5aezJjw?e=CTTohR\" target=\"_blank\" rel=\"noopener\">PowerPoint-Pr\u00e4sentation zum Bericht 2020\/21<\/a><\/p>\n","protected":false},"excerpt":{"rendered":"<div class=\"entry-summary\">\n<div class=\"entry-summary\">\nDa die Jahreshauptversammlung aufgrund von Corona ebenfalls abgesagt werden musste, finden Feuerwehrmitglieder&hellip;\n<\/div>\n<div class=\"link-more\"><a href=\"https:\/\/ff-fuegen.at\/?p=3117\" class=\"more-link\">Continue reading<span class=\"screen-reader-text\"> &ldquo;Jahresbericht Feuerwehr F\u00fcgen 2020\/21&rdquo;<\/span>&hellip;<\/a><\/div>\n<\/div>\n<div class=\"link-more\"><a href=\"https:\/\/ff-fuegen.at\/?p=3117\" class=\"more-link\">Continue reading<span class=\"screen-reader-text\"> &ldquo;Jahresbericht Feuerwehr F\u00fcgen 2020\/21&rdquo;<\/span>&hellip;<\/a><\/div>\n","protected":false},"author":5,"featured_media":3120,"comment_status":"closed","ping_status":"closed","sticky":false,"template":"","format":"standard","meta":{"_acf_changed":false,"footnotes":""},"categories":[7,91],"tags":[],"class_list":["post-3117","post","type-post","status-publish","format-standard","has-post-thumbnail","hentry","category-ankuendigungen","category-2021-taetigkeiten","entry"],"acf":[],"_links":{"self":[{"href":"https:\/\/ff-fuegen.at\/index.php?rest_route=\/wp\/v2\/posts\/3117","targetHints":{"allow":["GET"]}}],"collection":[{"href":"https:\/\/ff-fuegen.at\/index.php?rest_route=\/wp\/v2\/posts"}],"about":[{"href":"https:\/\/ff-fuegen.at\/index.php?rest_route=\/wp\/v2\/types\/post"}],"author":[{"embeddable":true,"href":"https:\/\/ff-fuegen.at\/index.php?rest_route=\/wp\/v2\/users\/5"}],"replies":[{"embeddable":true,"href":"https:\/\/ff-fuegen.at\/index.php?rest_route=%2Fwp%2Fv2%2Fcomments&post=3117"}],"version-history":[{"count":0,"href":"https:\/\/ff-fuegen.at\/index.php?rest_route=\/wp\/v2\/posts\/3117\/revisions"}],"wp:featuredmedia":[{"embeddable":true,"href":"https:\/\/ff-fuegen.at\/index.php?rest_route=\/wp\/v2\/media\/3120"}],"wp:attachment":[{"href":"https:\/\/ff-fuegen.at\/index.php?rest_route=%2Fwp%2Fv2%2Fmedia&parent=3117"}],"wp:term":[{"taxonomy":"category","embeddable":true,"href":"https:\/\/ff-fuegen.at\/index.php?rest_route=%2Fwp%2Fv2%2Fcategories&post=3117"},{"taxonomy":"post_tag","embeddable":true,"href":"https:\/\/ff-fuegen.at\/index.php?rest_route=%2Fwp%2Fv2%2Ftags&post=3117"}],"curies":[{"name":"wp","href":"https:\/\/api.w.org\/{rel}","templated":true}]}}