{"id":3287,"date":"2021-07-19T12:35:38","date_gmt":"2021-07-19T12:35:38","guid":{"rendered":"https:\/\/ff-fuegen.at\/?p=3287"},"modified":"2021-07-24T21:14:26","modified_gmt":"2021-07-24T21:14:26","slug":"katastropheneinsatz-kufstein","status":"publish","type":"post","link":"https:\/\/ff-fuegen.at\/?p=3287","title":{"rendered":"Katastropheneinsatz Kufstein"},"content":{"rendered":"<p>In der Nacht von Samstag auf Sonntag (17. auf 18. Juli) trafen die starken Regenf\u00e4lle vor allem Kufstein stark. Noch in den Abendstunden wurde Zivilschutzalarm ausgel\u00f6st und die Menschen aufgefordert in ihren H\u00e4usern zu bleiben und nicht in Keller oder Tiefgaragen zu gehen. Unseren KameradInnen aus Kufstein stellte sich die Frage nicht, sie waren und sind an diesem Wochenende und auch in den folgenden Wochentagen im Dauereinsatz. Stra\u00dfen, B\u00e4che, Keller, Garagen alles \u00fcberflutet, verklaust, mit Schlamm gef\u00fcllt. Sogar das eigene Ger\u00e4tehaus war betroffen.<\/p>\n<p>Daher entschied sich das Bezirksfeuerwehrkommando Schwaz bereits am Sonntag Vormittag mit einem KHD-Zug nach Kufstein abzufahren. Die Feuerwehr F\u00fcgen war mit dem MTF-A, TLF-2 und Last, sowie 17 Mitgliedern dabei. Um 11:30 Uhr setzte sich der Zug mit 14 Fahrzeugen und \u00fcber 80 Feuerwehrmitgliedern vom Ger\u00e4tehaus Schwaz aus in Bewegung. Kurz nach 12 Uhr trafen wir in Kufstein ein, die Ausma\u00dfe der Lage wurden uns bei der Einteilung zu den unterschiedlichen Einsatzstellen bewusst.<\/p>\n<p>Unsere Mitglieder waren gemeinsam mit den anderen Feuerwehren aus Kufstein, Schwaz und Innsbruck-Land in den Kellern und Tiefgaragen um sie von Wasser und Schlamm zu befreien. Die Mitglieder des Last halfen den KameradInnen aus Kufstein ihr eigenes Ger\u00e4tehaus wieder zu s\u00e4ubern.<\/p>\n<p>Gegen 20 Uhr waren unsere Aufgaben soweit abgearbeitet, die Kelle, Garagen und Stra\u00dfen nach M\u00f6glichkeit abgesichert und wir r\u00fcckten wieder ab. Aufgrund des immer wieder starken Regens entspannte sich die Lage nur z\u00f6gerlich und gegen Abend hin war wieder mehr Wasser in der Stadt.\u00a0 Mit der Hilfe der KameradInnen aus den verschiedenen Bezirken, der Einheimischen und ortsans\u00e4ssigen Firmen wird Kufstein hoffentlich bald wieder zum Normalzustand zur\u00fcckkehren k\u00f6nnen.<\/p>\n<p>Wir bedanken uns f\u00fcr die gute Zusammenarbeit mit allen und hoffen, dass eine derartige Situation nicht mehr eintritt.<\/p>\n<p>&nbsp;<\/p>\n<style id=\"bwg-style-0\">    #bwg_container1_0 #bwg_container2_0 .bwg-container-0.bwg-standard-thumbnails {      width: 904px;              justify-content: center;        margin:0 auto !important;              background-color: rgba(255, 255, 255, 0.00);            padding-left: 4px;      padding-top: 4px;      max-width: 100%;            }        #bwg_container1_0 #bwg_container2_0 .bwg-container-0.bwg-standard-thumbnails .bwg-item {    justify-content: flex-start;      max-width: 180px;            width: 180px !important;          }    #bwg_container1_0 #bwg_container2_0 .bwg-container-0.bwg-standard-thumbnails .bwg-item a {       margin-right: 4px;       margin-bottom: 4px;    }    #bwg_container1_0 #bwg_container2_0 .bwg-container-0.bwg-standard-thumbnails .bwg-item0 {      padding: 0px;            background-color:rgba(255,255,255, 0.30);      border: 0px none #CCCCCC;      opacity: 1.00;      border-radius: 0;      box-shadow: 0px 0px 0px #888888;    }    #bwg_container1_0 #bwg_container2_0 .bwg-container-0.bwg-standard-thumbnails .bwg-item1 img {      max-height: none;      max-width: none;      padding: 0 !important;    }        @media only screen and (min-width: 480px) {      #bwg_container1_0 #bwg_container2_0 .bwg-container-0.bwg-standard-thumbnails .bwg-item0 {        transition: all 0.3s ease 0s;-webkit-transition: all 0.3s ease 0s;      }      #bwg_container1_0 #bwg_container2_0 .bwg-container-0.bwg-standard-thumbnails .bwg-item0:hover {        -ms-transform: scale(1.1);        -webkit-transform: scale(1.1);        transform: scale(1.1);      }    }          #bwg_container1_0 #bwg_container2_0 .bwg-container-0.bwg-standard-thumbnails .bwg-item1 {      padding-top: 50%;    }        #bwg_container1_0 #bwg_container2_0 .bwg-container-0.bwg-standard-thumbnails .bwg-title2,    #bwg_container1_0 #bwg_container2_0 .bwg-container-0.bwg-standard-thumbnails .bwg-ecommerce2 {      color: #CCCCCC;      font-family: segoe ui;      font-size: 16px;      font-weight: bold;      padding: 2px;      text-shadow: 0px 0px 0px #888888;      max-height: 100%;    }    #bwg_container1_0 #bwg_container2_0 .bwg-container-0.bwg-standard-thumbnails .bwg-thumb-description span {    color: #323A45;    font-family: Ubuntu;    font-size: 12px;    max-height: 100%;    word-wrap: break-word;    }    #bwg_container1_0 #bwg_container2_0 .bwg-container-0.bwg-standard-thumbnails .bwg-play-icon2 {      font-size: 32px;    }    #bwg_container1_0 #bwg_container2_0 .bwg-container-0.bwg-standard-thumbnails .bwg-ecommerce2 {      font-size: 19.2px;      color: #CCCCCC;    }    <\/style>    <div id=\"bwg_container1_0\"         class=\"bwg_container bwg_thumbnail bwg_thumbnails \"         data-right-click-protection=\"1\"         data-bwg=\"0\"         data-scroll=\"0\"         data-gallery-type=\"thumbnails\"         data-gallery-view-type=\"thumbnails\"         data-current-url=\"\/index.php?rest_route=%2Fwp%2Fv2%2Fposts%2F3287\"         data-lightbox-url=\"https:\/\/ff-fuegen.at\/wp-admin\/admin-ajax.php?action=GalleryBox&#038;current_view=0&#038;gallery_id=352&#038;tag=0&#038;theme_id=1&#038;shortcode_id=346&#038;sort_by=order&#038;order_by=asc&#038;current_url=%2Findex.php%3Frest_route%3D%252Fwp%252Fv2%252Fposts%252F3287\"         data-gallery-id=\"352\"         data-popup-width=\"800\"         data-popup-height=\"500\"         data-is-album=\"gallery\"         data-buttons-position=\"bottom\">      <div id=\"bwg_container2_0\">             <div id=\"ajax_loading_0\" class=\"bwg_loading_div_1\">      <div class=\"bwg_loading_div_2\">        <div class=\"bwg_loading_div_3\">          <div id=\"loading_div_0\" class=\"bwg_spider_ajax_loading\">          <\/div>        <\/div>      <\/div>    <\/div>            <form id=\"gal_front_form_0\"              class=\"bwg-hidden\"              method=\"post\"              action=\"#\"              data-current=\"0\"              data-shortcode-id=\"346\"              data-gallery-type=\"thumbnails\"              data-gallery-id=\"352\"              data-tag=\"0\"              data-album-id=\"0\"              data-theme-id=\"1\"              data-ajax-url=\"https:\/\/ff-fuegen.at\/wp-admin\/admin-ajax.php?action=bwg_frontend_data\">          <div id=\"bwg_container3_0\" class=\"bwg-background bwg-background-0\">                <div data-max-count=\"5\"         data-thumbnail-width=\"180\"         data-bwg=\"0\"         data-gallery-id=\"352\"         data-lightbox-url=\"https:\/\/ff-fuegen.at\/wp-admin\/admin-ajax.php?action=GalleryBox&amp;current_view=0&amp;gallery_id=352&amp;tag=0&amp;theme_id=1&amp;shortcode_id=346&amp;sort_by=order&amp;order_by=asc&amp;current_url=%2Findex.php%3Frest_route%3D%252Fwp%252Fv2%252Fposts%252F3287\"         id=\"bwg_thumbnails_0\"         class=\"bwg-container-0 bwg-thumbnails bwg-standard-thumbnails bwg-container bwg-border-box\">            <div class=\"bwg-item\">        <a class=\"bwg-a  bwg_lightbox\"  data-image-id=\"3230\" href=\"https:\/\/ff-fuegen.at\/wp-content\/uploads\/photo-gallery\/1014957_bigpicture_358237_hochwasserkufstein8.jpg\" data-elementor-open-lightbox=\"no\">                <div class=\"bwg-item0 \">          <div class=\"bwg-item1 \">            <div class=\"bwg-item2\">              <img decoding=\"async\" class=\"skip-lazy bwg_standart_thumb_img_0 \"                   data-id=\"3230\"                   data-width=\"\"                   data-height=\"\"                   data-src=\"https:\/\/ff-fuegen.at\/wp-content\/uploads\/photo-gallery\/thumb\/1014957_bigpicture_358237_hochwasserkufstein8.jpg\"                   src=\"https:\/\/ff-fuegen.at\/wp-content\/uploads\/photo-gallery\/thumb\/1014957_bigpicture_358237_hochwasserkufstein8.jpg\"                   alt=\"1014957 bigpicture 358237 hochwasserkufstein8\"                   title=\"1014957 bigpicture 358237 hochwasserkufstein8\" \/>            <\/div>            <div class=\"\">                                                      <\/div>          <\/div>        <\/div>                        <\/a>              <\/div>            <div class=\"bwg-item\">        <a class=\"bwg-a  bwg_lightbox\"  data-image-id=\"3228\" href=\"https:\/\/ff-fuegen.at\/wp-content\/uploads\/photo-gallery\/1014959_bigpicture_358235_hochwasserkufstein17.jpg\" data-elementor-open-lightbox=\"no\">                <div class=\"bwg-item0 \">          <div class=\"bwg-item1 \">            <div class=\"bwg-item2\">              <img decoding=\"async\" class=\"skip-lazy bwg_standart_thumb_img_0 \"                   data-id=\"3228\"                   data-width=\"\"                   data-height=\"\"                   data-src=\"https:\/\/ff-fuegen.at\/wp-content\/uploads\/photo-gallery\/thumb\/1014959_bigpicture_358235_hochwasserkufstein17.jpg\"                   src=\"https:\/\/ff-fuegen.at\/wp-content\/uploads\/photo-gallery\/thumb\/1014959_bigpicture_358235_hochwasserkufstein17.jpg\"                   alt=\"1014959 bigpicture 358235 hochwasserkufstein17\"                   title=\"1014959 bigpicture 358235 hochwasserkufstein17\" \/>            <\/div>            <div class=\"\">                                                      <\/div>          <\/div>        <\/div>                        <\/a>              <\/div>            <div class=\"bwg-item\">        <a class=\"bwg-a  bwg_lightbox\"  data-image-id=\"3229\" href=\"https:\/\/ff-fuegen.at\/wp-content\/uploads\/photo-gallery\/1014936_bigpicture_358234_img_2332.jpeg\" data-elementor-open-lightbox=\"no\">                <div class=\"bwg-item0 \">          <div class=\"bwg-item1 \">            <div class=\"bwg-item2\">              <img decoding=\"async\" class=\"skip-lazy bwg_standart_thumb_img_0 \"                   data-id=\"3229\"                   data-width=\"\"                   data-height=\"\"                   data-src=\"https:\/\/ff-fuegen.at\/wp-content\/uploads\/photo-gallery\/thumb\/1014936_bigpicture_358234_img_2332.jpeg\"                   src=\"https:\/\/ff-fuegen.at\/wp-content\/uploads\/photo-gallery\/thumb\/1014936_bigpicture_358234_img_2332.jpeg\"                   alt=\"1014936 bigpicture 358234 img 2332\"                   title=\"1014936 bigpicture 358234 img 2332\" \/>            <\/div>            <div class=\"\">                                                      <\/div>          <\/div>        <\/div>                        <\/a>              <\/div>            <div class=\"bwg-item\">        <a class=\"bwg-a  bwg_lightbox\"  data-image-id=\"3227\" href=\"https:\/\/ff-fuegen.at\/wp-content\/uploads\/photo-gallery\/P1000833.JPG\" data-elementor-open-lightbox=\"no\">                <div class=\"bwg-item0 \">          <div class=\"bwg-item1 \">            <div class=\"bwg-item2\">              <img decoding=\"async\" class=\"skip-lazy bwg_standart_thumb_img_0 \"                   data-id=\"3227\"                   data-width=\"\"                   data-height=\"\"                   data-src=\"https:\/\/ff-fuegen.at\/wp-content\/uploads\/photo-gallery\/thumb\/P1000833.JPG\"                   src=\"https:\/\/ff-fuegen.at\/wp-content\/uploads\/photo-gallery\/thumb\/P1000833.JPG\"                   alt=\"P1000833\"                   title=\"P1000833\" \/>            <\/div>            <div class=\"\">                                                      <\/div>          <\/div>        <\/div>                        <\/a>              <\/div>            <div class=\"bwg-item\">        <a class=\"bwg-a  bwg_lightbox\"  data-image-id=\"3261\" href=\"https:\/\/ff-fuegen.at\/wp-content\/uploads\/photo-gallery\/IMG-20210718-WA0055.jpg\" data-elementor-open-lightbox=\"no\">                <div class=\"bwg-item0 \">          <div class=\"bwg-item1 \">            <div class=\"bwg-item2\">              <img decoding=\"async\" class=\"skip-lazy bwg_standart_thumb_img_0 \"                   data-id=\"3261\"                   data-width=\"\"                   data-height=\"\"                   data-src=\"https:\/\/ff-fuegen.at\/wp-content\/uploads\/photo-gallery\/thumb\/IMG-20210718-WA0055.jpg\"                   src=\"https:\/\/ff-fuegen.at\/wp-content\/uploads\/photo-gallery\/thumb\/IMG-20210718-WA0055.jpg\"                   alt=\"IMG-20210718-WA0055\"                   title=\"IMG-20210718-WA0055\" \/>            <\/div>            <div class=\"\">                                                      <\/div>          <\/div>        <\/div>                        <\/a>              <\/div>            <div class=\"bwg-item\">        <a class=\"bwg-a  bwg_lightbox\"  data-image-id=\"3262\" href=\"https:\/\/ff-fuegen.at\/wp-content\/uploads\/photo-gallery\/IMG-20210718-WA0064.jpg\" data-elementor-open-lightbox=\"no\">                <div class=\"bwg-item0 \">          <div class=\"bwg-item1 \">            <div class=\"bwg-item2\">              <img decoding=\"async\" class=\"skip-lazy bwg_standart_thumb_img_0 \"                   data-id=\"3262\"                   data-width=\"\"                   data-height=\"\"                   data-src=\"https:\/\/ff-fuegen.at\/wp-content\/uploads\/photo-gallery\/thumb\/IMG-20210718-WA0064.jpg\"                   src=\"https:\/\/ff-fuegen.at\/wp-content\/uploads\/photo-gallery\/thumb\/IMG-20210718-WA0064.jpg\"                   alt=\"IMG-20210718-WA0064\"                   title=\"IMG-20210718-WA0064\" \/>            <\/div>            <div class=\"\">                                                      <\/div>          <\/div>        <\/div>                        <\/a>              <\/div>            <div class=\"bwg-item\">        <a class=\"bwg-a  bwg_lightbox\"  data-image-id=\"3245\" href=\"https:\/\/ff-fuegen.at\/wp-content\/uploads\/photo-gallery\/IMG-20210718-WA0016%20(1).jpg\" data-elementor-open-lightbox=\"no\">                <div class=\"bwg-item0 \">          <div class=\"bwg-item1 \">            <div class=\"bwg-item2\">              <img decoding=\"async\" class=\"skip-lazy bwg_standart_thumb_img_0 \"                   data-id=\"3245\"                   data-width=\"\"                   data-height=\"\"                   data-src=\"https:\/\/ff-fuegen.at\/wp-content\/uploads\/photo-gallery\/thumb\/IMG-20210718-WA0016%20(1).jpg\"                   src=\"https:\/\/ff-fuegen.at\/wp-content\/uploads\/photo-gallery\/thumb\/IMG-20210718-WA0016%20(1).jpg\"                   alt=\"IMG-20210718-WA0016 (1)\"                   title=\"IMG-20210718-WA0016 (1)\" \/>            <\/div>            <div class=\"\">                                                      <\/div>          <\/div>        <\/div>                        <\/a>              <\/div>            <div class=\"bwg-item\">        <a class=\"bwg-a  bwg_lightbox\"  data-image-id=\"3263\" href=\"https:\/\/ff-fuegen.at\/wp-content\/uploads\/photo-gallery\/IMG-20210718-WA0044.jpg\" data-elementor-open-lightbox=\"no\">                <div class=\"bwg-item0 \">          <div class=\"bwg-item1 \">            <div class=\"bwg-item2\">              <img decoding=\"async\" class=\"skip-lazy bwg_standart_thumb_img_0 \"                   data-id=\"3263\"                   data-width=\"\"                   data-height=\"\"                   data-src=\"https:\/\/ff-fuegen.at\/wp-content\/uploads\/photo-gallery\/thumb\/IMG-20210718-WA0044.jpg\"                   src=\"https:\/\/ff-fuegen.at\/wp-content\/uploads\/photo-gallery\/thumb\/IMG-20210718-WA0044.jpg\"                   alt=\"IMG-20210718-WA0044\"                   title=\"IMG-20210718-WA0044\" \/>            <\/div>            <div class=\"\">                                                      <\/div>          <\/div>        <\/div>                        <\/a>              <\/div>            <div class=\"bwg-item\">        <a class=\"bwg-a  bwg_lightbox\"  data-image-id=\"3251\" href=\"https:\/\/ff-fuegen.at\/wp-content\/uploads\/photo-gallery\/20210719_Hochwasser_Kufstein_LFV_Wegscheider-038.jpg\" data-elementor-open-lightbox=\"no\">                <div class=\"bwg-item0 \">          <div class=\"bwg-item1 \">            <div class=\"bwg-item2\">              <img decoding=\"async\" class=\"skip-lazy bwg_standart_thumb_img_0 \"                   data-id=\"3251\"                   data-width=\"\"                   data-height=\"\"                   data-src=\"https:\/\/ff-fuegen.at\/wp-content\/uploads\/photo-gallery\/thumb\/20210719_Hochwasser_Kufstein_LFV_Wegscheider-038.jpg\"                   src=\"https:\/\/ff-fuegen.at\/wp-content\/uploads\/photo-gallery\/thumb\/20210719_Hochwasser_Kufstein_LFV_Wegscheider-038.jpg\"                   alt=\"20210719 Hochwasser Kufstein LFV Wegscheider-038\"                   title=\"20210719 Hochwasser Kufstein LFV Wegscheider-038\" \/>            <\/div>            <div class=\"\">                                                      <\/div>          <\/div>        <\/div>                        <\/a>              <\/div>            <div class=\"bwg-item\">        <a class=\"bwg-a  bwg_lightbox\"  data-image-id=\"3244\" href=\"https:\/\/ff-fuegen.at\/wp-content\/uploads\/photo-gallery\/IMG-20210718-WA0035.jpg\" data-elementor-open-lightbox=\"no\">                <div class=\"bwg-item0 \">          <div class=\"bwg-item1 \">            <div class=\"bwg-item2\">              <img decoding=\"async\" class=\"skip-lazy bwg_standart_thumb_img_0 \"                   data-id=\"3244\"                   data-width=\"\"                   data-height=\"\"                   data-src=\"https:\/\/ff-fuegen.at\/wp-content\/uploads\/photo-gallery\/thumb\/IMG-20210718-WA0035.jpg\"                   src=\"https:\/\/ff-fuegen.at\/wp-content\/uploads\/photo-gallery\/thumb\/IMG-20210718-WA0035.jpg\"                   alt=\"IMG-20210718-WA0035\"                   title=\"IMG-20210718-WA0035\" \/>            <\/div>            <div class=\"\">                                                      <\/div>          <\/div>        <\/div>                        <\/a>              <\/div>            <div class=\"bwg-item\">        <a class=\"bwg-a  bwg_lightbox\"  data-image-id=\"3250\" href=\"https:\/\/ff-fuegen.at\/wp-content\/uploads\/photo-gallery\/20210719_Hochwasser_Kufstein_LFV_Wegscheider-039.jpg\" data-elementor-open-lightbox=\"no\">                <div class=\"bwg-item0 \">          <div class=\"bwg-item1 \">            <div class=\"bwg-item2\">              <img decoding=\"async\" class=\"skip-lazy bwg_standart_thumb_img_0 \"                   data-id=\"3250\"                   data-width=\"\"                   data-height=\"\"                   data-src=\"https:\/\/ff-fuegen.at\/wp-content\/uploads\/photo-gallery\/thumb\/20210719_Hochwasser_Kufstein_LFV_Wegscheider-039.jpg\"                   src=\"https:\/\/ff-fuegen.at\/wp-content\/uploads\/photo-gallery\/thumb\/20210719_Hochwasser_Kufstein_LFV_Wegscheider-039.jpg\"                   alt=\"20210719 Hochwasser Kufstein LFV Wegscheider-039\"                   title=\"20210719 Hochwasser Kufstein LFV Wegscheider-039\" \/>            <\/div>            <div class=\"\">                                                      <\/div>          <\/div>        <\/div>                        <\/a>              <\/div>            <div class=\"bwg-item\">        <a class=\"bwg-a  bwg_lightbox\"  data-image-id=\"3243\" href=\"https:\/\/ff-fuegen.at\/wp-content\/uploads\/photo-gallery\/IMG-20210718-WA0038.jpg\" data-elementor-open-lightbox=\"no\">                <div class=\"bwg-item0 \">          <div class=\"bwg-item1 \">            <div class=\"bwg-item2\">              <img decoding=\"async\" class=\"skip-lazy bwg_standart_thumb_img_0 \"                   data-id=\"3243\"                   data-width=\"\"                   data-height=\"\"                   data-src=\"https:\/\/ff-fuegen.at\/wp-content\/uploads\/photo-gallery\/thumb\/IMG-20210718-WA0038.jpg\"                   src=\"https:\/\/ff-fuegen.at\/wp-content\/uploads\/photo-gallery\/thumb\/IMG-20210718-WA0038.jpg\"                   alt=\"IMG-20210718-WA0038\"                   title=\"IMG-20210718-WA0038\" \/>            <\/div>            <div class=\"\">                                                      <\/div>          <\/div>        <\/div>                        <\/a>              <\/div>            <div class=\"bwg-item\">        <a class=\"bwg-a  bwg_lightbox\"  data-image-id=\"3238\" href=\"https:\/\/ff-fuegen.at\/wp-content\/uploads\/photo-gallery\/IMG-20210718-WA0048.jpg\" data-elementor-open-lightbox=\"no\">                <div class=\"bwg-item0 \">          <div class=\"bwg-item1 \">            <div class=\"bwg-item2\">              <img decoding=\"async\" class=\"skip-lazy bwg_standart_thumb_img_0 \"                   data-id=\"3238\"                   data-width=\"\"                   data-height=\"\"                   data-src=\"https:\/\/ff-fuegen.at\/wp-content\/uploads\/photo-gallery\/thumb\/IMG-20210718-WA0048.jpg\"                   src=\"https:\/\/ff-fuegen.at\/wp-content\/uploads\/photo-gallery\/thumb\/IMG-20210718-WA0048.jpg\"                   alt=\"IMG-20210718-WA0048\"                   title=\"IMG-20210718-WA0048\" \/>            <\/div>            <div class=\"\">                                                      <\/div>          <\/div>        <\/div>                        <\/a>              <\/div>            <div class=\"bwg-item\">        <a class=\"bwg-a  bwg_lightbox\"  data-image-id=\"3234\" href=\"https:\/\/ff-fuegen.at\/wp-content\/uploads\/photo-gallery\/MW-KHD_Kufstein-7964.jpg\" data-elementor-open-lightbox=\"no\">                <div class=\"bwg-item0 \">          <div class=\"bwg-item1 \">            <div class=\"bwg-item2\">              <img decoding=\"async\" class=\"skip-lazy bwg_standart_thumb_img_0 \"                   data-id=\"3234\"                   data-width=\"\"                   data-height=\"\"                   data-src=\"https:\/\/ff-fuegen.at\/wp-content\/uploads\/photo-gallery\/thumb\/MW-KHD_Kufstein-7964.jpg\"                   src=\"https:\/\/ff-fuegen.at\/wp-content\/uploads\/photo-gallery\/thumb\/MW-KHD_Kufstein-7964.jpg\"                   alt=\"MW-KHD Kufstein-7964\"                   title=\"MW-KHD Kufstein-7964\" \/>            <\/div>            <div class=\"\">                                                      <\/div>          <\/div>        <\/div>                        <\/a>              <\/div>            <div class=\"bwg-item\">        <a class=\"bwg-a  bwg_lightbox\"  data-image-id=\"3260\" href=\"https:\/\/ff-fuegen.at\/wp-content\/uploads\/photo-gallery\/IMG-20210718-WA0048%20(1).jpg\" data-elementor-open-lightbox=\"no\">                <div class=\"bwg-item0 \">          <div class=\"bwg-item1 \">            <div class=\"bwg-item2\">              <img decoding=\"async\" class=\"skip-lazy bwg_standart_thumb_img_0 \"                   data-id=\"3260\"                   data-width=\"\"                   data-height=\"\"                   data-src=\"https:\/\/ff-fuegen.at\/wp-content\/uploads\/photo-gallery\/thumb\/IMG-20210718-WA0048%20(1).jpg\"                   src=\"https:\/\/ff-fuegen.at\/wp-content\/uploads\/photo-gallery\/thumb\/IMG-20210718-WA0048%20(1).jpg\"                   alt=\"IMG-20210718-WA0048 (1)\"                   title=\"IMG-20210718-WA0048 (1)\" \/>            <\/div>            <div class=\"\">                                                      <\/div>          <\/div>        <\/div>                        <\/a>              <\/div>            <div class=\"bwg-item\">        <a class=\"bwg-a  bwg_lightbox\"  data-image-id=\"3253\" href=\"https:\/\/ff-fuegen.at\/wp-content\/uploads\/photo-gallery\/20210719_Hochwasser_Kufstein_LFV_Wegscheider-044.jpg\" data-elementor-open-lightbox=\"no\">                <div class=\"bwg-item0 \">          <div class=\"bwg-item1 \">            <div class=\"bwg-item2\">              <img decoding=\"async\" class=\"skip-lazy bwg_standart_thumb_img_0 \"                   data-id=\"3253\"                   data-width=\"\"                   data-height=\"\"                   data-src=\"https:\/\/ff-fuegen.at\/wp-content\/uploads\/photo-gallery\/thumb\/20210719_Hochwasser_Kufstein_LFV_Wegscheider-044.jpg\"                   src=\"https:\/\/ff-fuegen.at\/wp-content\/uploads\/photo-gallery\/thumb\/20210719_Hochwasser_Kufstein_LFV_Wegscheider-044.jpg\"                   alt=\"20210719 Hochwasser Kufstein LFV Wegscheider-044\"                   title=\"20210719 Hochwasser Kufstein LFV Wegscheider-044\" \/>            <\/div>            <div class=\"\">                                                      <\/div>          <\/div>        <\/div>                        <\/a>              <\/div>            <div class=\"bwg-item\">        <a class=\"bwg-a  bwg_lightbox\"  data-image-id=\"3249\" href=\"https:\/\/ff-fuegen.at\/wp-content\/uploads\/photo-gallery\/20210719_Hochwasser_Kufstein_LFV_Wegscheider-031.jpg\" data-elementor-open-lightbox=\"no\">                <div class=\"bwg-item0 \">          <div class=\"bwg-item1 \">            <div class=\"bwg-item2\">              <img decoding=\"async\" class=\"skip-lazy bwg_standart_thumb_img_0 \"                   data-id=\"3249\"                   data-width=\"\"                   data-height=\"\"                   data-src=\"https:\/\/ff-fuegen.at\/wp-content\/uploads\/photo-gallery\/thumb\/20210719_Hochwasser_Kufstein_LFV_Wegscheider-031.jpg\"                   src=\"https:\/\/ff-fuegen.at\/wp-content\/uploads\/photo-gallery\/thumb\/20210719_Hochwasser_Kufstein_LFV_Wegscheider-031.jpg\"                   alt=\"20210719 Hochwasser Kufstein LFV Wegscheider-031\"                   title=\"20210719 Hochwasser Kufstein LFV Wegscheider-031\" \/>            <\/div>            <div class=\"\">                                                      <\/div>          <\/div>        <\/div>                        <\/a>              <\/div>            <div class=\"bwg-item\">        <a class=\"bwg-a  bwg_lightbox\"  data-image-id=\"3242\" href=\"https:\/\/ff-fuegen.at\/wp-content\/uploads\/photo-gallery\/IMG-20210718-WA0039.jpg\" data-elementor-open-lightbox=\"no\">                <div class=\"bwg-item0 \">          <div class=\"bwg-item1 \">            <div class=\"bwg-item2\">              <img decoding=\"async\" class=\"skip-lazy bwg_standart_thumb_img_0 \"                   data-id=\"3242\"                   data-width=\"\"                   data-height=\"\"                   data-src=\"https:\/\/ff-fuegen.at\/wp-content\/uploads\/photo-gallery\/thumb\/IMG-20210718-WA0039.jpg\"                   src=\"https:\/\/ff-fuegen.at\/wp-content\/uploads\/photo-gallery\/thumb\/IMG-20210718-WA0039.jpg\"                   alt=\"IMG-20210718-WA0039\"                   title=\"IMG-20210718-WA0039\" \/>            <\/div>            <div class=\"\">                                                      <\/div>          <\/div>        <\/div>                        <\/a>              <\/div>            <div class=\"bwg-item\">        <a class=\"bwg-a  bwg_lightbox\"  data-image-id=\"3246\" href=\"https:\/\/ff-fuegen.at\/wp-content\/uploads\/photo-gallery\/IMG-20210718-WA0040.jpg\" data-elementor-open-lightbox=\"no\">                <div class=\"bwg-item0 \">          <div class=\"bwg-item1 \">            <div class=\"bwg-item2\">              <img decoding=\"async\" class=\"skip-lazy bwg_standart_thumb_img_0 \"                   data-id=\"3246\"                   data-width=\"\"                   data-height=\"\"                   data-src=\"https:\/\/ff-fuegen.at\/wp-content\/uploads\/photo-gallery\/thumb\/IMG-20210718-WA0040.jpg\"                   src=\"https:\/\/ff-fuegen.at\/wp-content\/uploads\/photo-gallery\/thumb\/IMG-20210718-WA0040.jpg\"                   alt=\"IMG-20210718-WA0040\"                   title=\"IMG-20210718-WA0040\" \/>            <\/div>            <div class=\"\">                                                      <\/div>          <\/div>        <\/div>                        <\/a>              <\/div>            <div class=\"bwg-item\">        <a class=\"bwg-a  bwg_lightbox\"  data-image-id=\"3240\" href=\"https:\/\/ff-fuegen.at\/wp-content\/uploads\/photo-gallery\/IMG-20210718-WA0047.jpg\" data-elementor-open-lightbox=\"no\">                <div class=\"bwg-item0 \">          <div class=\"bwg-item1 \">            <div class=\"bwg-item2\">              <img decoding=\"async\" class=\"skip-lazy bwg_standart_thumb_img_0 \"                   data-id=\"3240\"                   data-width=\"\"                   data-height=\"\"                   data-src=\"https:\/\/ff-fuegen.at\/wp-content\/uploads\/photo-gallery\/thumb\/IMG-20210718-WA0047.jpg\"                   src=\"https:\/\/ff-fuegen.at\/wp-content\/uploads\/photo-gallery\/thumb\/IMG-20210718-WA0047.jpg\"                   alt=\"IMG-20210718-WA0047\"                   title=\"IMG-20210718-WA0047\" \/>            <\/div>            <div class=\"\">                                                      <\/div>          <\/div>        <\/div>                        <\/a>              <\/div>            <div class=\"bwg-item\">        <a class=\"bwg-a  bwg_lightbox\"  data-image-id=\"3241\" href=\"https:\/\/ff-fuegen.at\/wp-content\/uploads\/photo-gallery\/IMG-20210718-WA0046.jpg\" data-elementor-open-lightbox=\"no\">                <div class=\"bwg-item0 \">          <div class=\"bwg-item1 \">            <div class=\"bwg-item2\">              <img decoding=\"async\" class=\"skip-lazy bwg_standart_thumb_img_0 \"                   data-id=\"3241\"                   data-width=\"\"                   data-height=\"\"                   data-src=\"https:\/\/ff-fuegen.at\/wp-content\/uploads\/photo-gallery\/thumb\/IMG-20210718-WA0046.jpg\"                   src=\"https:\/\/ff-fuegen.at\/wp-content\/uploads\/photo-gallery\/thumb\/IMG-20210718-WA0046.jpg\"                   alt=\"IMG-20210718-WA0046\"                   title=\"IMG-20210718-WA0046\" \/>            <\/div>            <div class=\"\">                                                      <\/div>          <\/div>        <\/div>                        <\/a>              <\/div>            <div class=\"bwg-item\">        <a class=\"bwg-a  bwg_lightbox\"  data-image-id=\"3239\" href=\"https:\/\/ff-fuegen.at\/wp-content\/uploads\/photo-gallery\/IMG-20210718-WA0049.jpg\" data-elementor-open-lightbox=\"no\">                <div class=\"bwg-item0 \">          <div class=\"bwg-item1 \">            <div class=\"bwg-item2\">              <img decoding=\"async\" class=\"skip-lazy bwg_standart_thumb_img_0 \"                   data-id=\"3239\"                   data-width=\"\"                   data-height=\"\"                   data-src=\"https:\/\/ff-fuegen.at\/wp-content\/uploads\/photo-gallery\/thumb\/IMG-20210718-WA0049.jpg\"                   src=\"https:\/\/ff-fuegen.at\/wp-content\/uploads\/photo-gallery\/thumb\/IMG-20210718-WA0049.jpg\"                   alt=\"IMG-20210718-WA0049\"                   title=\"IMG-20210718-WA0049\" \/>            <\/div>            <div class=\"\">                                                      <\/div>          <\/div>        <\/div>                        <\/a>              <\/div>            <div class=\"bwg-item\">        <a class=\"bwg-a  bwg_lightbox\"  data-image-id=\"3233\" href=\"https:\/\/ff-fuegen.at\/wp-content\/uploads\/photo-gallery\/MW-KHD_Kufstein-7915.jpg\" data-elementor-open-lightbox=\"no\">                <div class=\"bwg-item0 \">          <div class=\"bwg-item1 \">            <div class=\"bwg-item2\">              <img decoding=\"async\" class=\"skip-lazy bwg_standart_thumb_img_0 \"                   data-id=\"3233\"                   data-width=\"\"                   data-height=\"\"                   data-src=\"https:\/\/ff-fuegen.at\/wp-content\/uploads\/photo-gallery\/thumb\/MW-KHD_Kufstein-7915.jpg\"                   src=\"https:\/\/ff-fuegen.at\/wp-content\/uploads\/photo-gallery\/thumb\/MW-KHD_Kufstein-7915.jpg\"                   alt=\"MW-KHD Kufstein-7915\"                   title=\"MW-KHD Kufstein-7915\" \/>            <\/div>            <div class=\"\">                                                      <\/div>          <\/div>        <\/div>                        <\/a>              <\/div>            <div class=\"bwg-item\">        <a class=\"bwg-a  bwg_lightbox\"  data-image-id=\"3235\" href=\"https:\/\/ff-fuegen.at\/wp-content\/uploads\/photo-gallery\/MW-KHD_Kufstein-8184.jpg\" data-elementor-open-lightbox=\"no\">                <div class=\"bwg-item0 \">          <div class=\"bwg-item1 \">            <div class=\"bwg-item2\">              <img decoding=\"async\" class=\"skip-lazy bwg_standart_thumb_img_0 \"                   data-id=\"3235\"                   data-width=\"\"                   data-height=\"\"                   data-src=\"https:\/\/ff-fuegen.at\/wp-content\/uploads\/photo-gallery\/thumb\/MW-KHD_Kufstein-8184.jpg\"                   src=\"https:\/\/ff-fuegen.at\/wp-content\/uploads\/photo-gallery\/thumb\/MW-KHD_Kufstein-8184.jpg\"                   alt=\"MW-KHD Kufstein-8184\"                   title=\"MW-KHD Kufstein-8184\" \/>            <\/div>            <div class=\"\">                                                      <\/div>          <\/div>        <\/div>                        <\/a>              <\/div>            <div class=\"bwg-item\">        <a class=\"bwg-a  bwg_lightbox\"  data-image-id=\"3231\" href=\"https:\/\/ff-fuegen.at\/wp-content\/uploads\/photo-gallery\/MW-KHD_Kufstein-7996.jpg\" data-elementor-open-lightbox=\"no\">                <div class=\"bwg-item0 \">          <div class=\"bwg-item1 \">            <div class=\"bwg-item2\">              <img decoding=\"async\" class=\"skip-lazy bwg_standart_thumb_img_0 \"                   data-id=\"3231\"                   data-width=\"\"                   data-height=\"\"                   data-src=\"https:\/\/ff-fuegen.at\/wp-content\/uploads\/photo-gallery\/thumb\/MW-KHD_Kufstein-7996.jpg\"                   src=\"https:\/\/ff-fuegen.at\/wp-content\/uploads\/photo-gallery\/thumb\/MW-KHD_Kufstein-7996.jpg\"                   alt=\"MW-KHD Kufstein-7996\"                   title=\"MW-KHD Kufstein-7996\" \/>            <\/div>            <div class=\"\">                                                      <\/div>          <\/div>        <\/div>                        <\/a>              <\/div>            <div class=\"bwg-item\">        <a class=\"bwg-a  bwg_lightbox\"  data-image-id=\"3225\" href=\"https:\/\/ff-fuegen.at\/wp-content\/uploads\/photo-gallery\/P1000825.JPG\" data-elementor-open-lightbox=\"no\">                <div class=\"bwg-item0 \">          <div class=\"bwg-item1 \">            <div class=\"bwg-item2\">              <img decoding=\"async\" class=\"skip-lazy bwg_standart_thumb_img_0 \"                   data-id=\"3225\"                   data-width=\"\"                   data-height=\"\"                   data-src=\"https:\/\/ff-fuegen.at\/wp-content\/uploads\/photo-gallery\/thumb\/P1000825.JPG\"                   src=\"https:\/\/ff-fuegen.at\/wp-content\/uploads\/photo-gallery\/thumb\/P1000825.JPG\"                   alt=\"P1000825\"                   title=\"P1000825\" \/>            <\/div>            <div class=\"\">                                                      <\/div>          <\/div>        <\/div>                        <\/a>              <\/div>            <div class=\"bwg-item\">        <a class=\"bwg-a  bwg_lightbox\"  data-image-id=\"3256\" href=\"https:\/\/ff-fuegen.at\/wp-content\/uploads\/photo-gallery\/IMG-20210719-WA0022.jpg\" data-elementor-open-lightbox=\"no\">                <div class=\"bwg-item0 \">          <div class=\"bwg-item1 \">            <div class=\"bwg-item2\">              <img decoding=\"async\" class=\"skip-lazy bwg_standart_thumb_img_0 \"                   data-id=\"3256\"                   data-width=\"\"                   data-height=\"\"                   data-src=\"https:\/\/ff-fuegen.at\/wp-content\/uploads\/photo-gallery\/thumb\/IMG-20210719-WA0022.jpg\"                   src=\"https:\/\/ff-fuegen.at\/wp-content\/uploads\/photo-gallery\/thumb\/IMG-20210719-WA0022.jpg\"                   alt=\"IMG-20210719-WA0022\"                   title=\"IMG-20210719-WA0022\" \/>            <\/div>            <div class=\"\">                                                      <\/div>          <\/div>        <\/div>                        <\/a>              <\/div>            <div class=\"bwg-item\">        <a class=\"bwg-a  bwg_lightbox\"  data-image-id=\"3247\" href=\"https:\/\/ff-fuegen.at\/wp-content\/uploads\/photo-gallery\/20210719_Hochwasser_Kufstein_LFV_Wegscheider-001.jpg\" data-elementor-open-lightbox=\"no\">                <div class=\"bwg-item0 \">          <div class=\"bwg-item1 \">            <div class=\"bwg-item2\">              <img decoding=\"async\" class=\"skip-lazy bwg_standart_thumb_img_0 \"                   data-id=\"3247\"                   data-width=\"\"                   data-height=\"\"                   data-src=\"https:\/\/ff-fuegen.at\/wp-content\/uploads\/photo-gallery\/thumb\/20210719_Hochwasser_Kufstein_LFV_Wegscheider-001.jpg\"                   src=\"https:\/\/ff-fuegen.at\/wp-content\/uploads\/photo-gallery\/thumb\/20210719_Hochwasser_Kufstein_LFV_Wegscheider-001.jpg\"                   alt=\"20210719 Hochwasser Kufstein LFV Wegscheider-001\"                   title=\"20210719 Hochwasser Kufstein LFV Wegscheider-001\" \/>            <\/div>            <div class=\"\">                                                      <\/div>          <\/div>        <\/div>                        <\/a>              <\/div>            <div class=\"bwg-item\">        <a class=\"bwg-a  bwg_lightbox\"  data-image-id=\"3255\" href=\"https:\/\/ff-fuegen.at\/wp-content\/uploads\/photo-gallery\/IMG_20210718_175620.jpg\" data-elementor-open-lightbox=\"no\">                <div class=\"bwg-item0 \">          <div class=\"bwg-item1 \">            <div class=\"bwg-item2\">              <img decoding=\"async\" class=\"skip-lazy bwg_standart_thumb_img_0 \"                   data-id=\"3255\"                   data-width=\"\"                   data-height=\"\"                   data-src=\"https:\/\/ff-fuegen.at\/wp-content\/uploads\/photo-gallery\/thumb\/IMG_20210718_175620.jpg\"                   src=\"https:\/\/ff-fuegen.at\/wp-content\/uploads\/photo-gallery\/thumb\/IMG_20210718_175620.jpg\"                   alt=\"IMG 20210718 175620\"                   title=\"IMG 20210718 175620\" \/>            <\/div>            <div class=\"\">                                                      <\/div>          <\/div>        <\/div>                        <\/a>              <\/div>            <div class=\"bwg-item\">        <a class=\"bwg-a  bwg_lightbox\"  data-image-id=\"3226\" href=\"https:\/\/ff-fuegen.at\/wp-content\/uploads\/photo-gallery\/P1000853.JPG\" data-elementor-open-lightbox=\"no\">                <div class=\"bwg-item0 \">          <div class=\"bwg-item1 \">            <div class=\"bwg-item2\">              <img decoding=\"async\" class=\"skip-lazy bwg_standart_thumb_img_0 \"                   data-id=\"3226\"                   data-width=\"\"                   data-height=\"\"                   data-src=\"https:\/\/ff-fuegen.at\/wp-content\/uploads\/photo-gallery\/thumb\/P1000853.JPG\"                   src=\"https:\/\/ff-fuegen.at\/wp-content\/uploads\/photo-gallery\/thumb\/P1000853.JPG\"                   alt=\"P1000853\"                   title=\"P1000853\" \/>            <\/div>            <div class=\"\">                                                      <\/div>          <\/div>        <\/div>                        <\/a>              <\/div>          <\/div>    <style>      \/*pagination styles*\/      #bwg_container1_0 #bwg_container2_0 .tablenav-pages_0 {\t\t\t\ttext-align: center;\t\t\t\tfont-size: 12px;\t\t\t\tfont-family: segoe ui;\t\t\t\tfont-weight: bold;\t\t\t\tcolor: #666666;\t\t\t\tmargin: 6px 0 4px;\t\t\t\tdisplay: block;      }      @media only screen and (max-width : 320px) {      #bwg_container1_0 #bwg_container2_0 .displaying-num_0 {     \t display: none;      }      }      #bwg_container1_0 #bwg_container2_0 .displaying-num_0 {\t\t\t\tfont-size: 12px;\t\t\t\tfont-family: segoe ui;\t\t\t\tfont-weight: bold;\t\t\t\tcolor: #666666;\t\t\t\tmargin-right: 10px;\t\t\t\tvertical-align: middle;      }      #bwg_container1_0 #bwg_container2_0 .paging-input_0 {\t\t\t\tfont-size: 12px;\t\t\t\tfont-family: segoe ui;\t\t\t\tfont-weight: bold;\t\t\t\tcolor: #666666;\t\t\t\tvertical-align: middle;      }      #bwg_container1_0 #bwg_container2_0 .tablenav-pages_0 a.disabled,      #bwg_container1_0 #bwg_container2_0 .tablenav-pages_0 a.disabled:hover,      #bwg_container1_0 #bwg_container2_0 .tablenav-pages_0 a.disabled:focus,\t\t\t#bwg_container1_0 #bwg_container2_0 .tablenav-pages_0 input.bwg_current_page {\t\t\t\tcursor: default;\t\t\t\tcolor: rgba(102, 102, 102, 0.5);      }      #bwg_container1_0 #bwg_container2_0 .tablenav-pages_0 a,      #bwg_container1_0 #bwg_container2_0 .tablenav-pages_0 input.bwg_current_page {\t\t\t\tcursor: pointer;\t\t\t\ttext-align: center;\t\t\t\tfont-size: 12px;\t\t\t\tfont-family: segoe ui;\t\t\t\tfont-weight: bold;\t\t\t\tcolor: #666666;\t\t\t\ttext-decoration: none;\t\t\t\tpadding: 3px 6px;\t\t\t\tmargin: 0;\t\t\t\tborder-radius: 0;\t\t\t\tborder-style: solid;\t\t\t\tborder-width: 1px;\t\t\t\tborder-color: #E3E3E3;\t\t\t\t\t\t\t\tbackground-color: rgba(255, 255, 255, 1.00);\t\t\t\tbox-shadow: 0;\t\t\t\ttransition: all 0.3s ease 0s;-webkit-transition: all 0.3s ease 0s;      }      <\/style>      <span class=\"bwg_nav_cont_0\">              <div class=\"tablenav-pages_0\">                      <span class=\"pagination-links_0 pagination-links\" data-pages-count=\"2\">              <span class=\"pagination-links_col1\">              <a class=\"bwg-a first-page disabled\" title=\"Gehe zur ersten Seite\" >\u00ab<\/a>              <a class=\"bwg-a prev-page disabled\" title=\"Gehe zur vorherigen Seite\" >\u2039<\/a>              <\/span>\t\t\t\t\t\t\t<span class=\"pagination-links_col2\">\t\t\t\t\t\t\t\t\t<input type=\"number\" class=\"bwg_current_page\" name=\"bwg_current_page\" value=\"1\" data-url-info=\"page_number_0\" onkeypress=\"return bwg_change_page_0(event, this)\" min=\"1\" oninput=\"validity.valid||(value='')\" \/>\t\t\t\t\t\t\t\t\t\tvon\t\t\t\t\t\t\t\t\t\t<span class=\"total-pages_0\">\t\t\t\t\t\t\t\t\t\t\t2\t\t\t\t\t\t\t\t\t\t<\/span>\t\t\t\t\t\t\t<\/span>              <span class=\"pagination-links_col3\">                <a class=\"bwg-a next-page-0\" title=\"Gehe zur n\u00e4chsten Seite\" href=\"\/index.php?rest_route=%2Fwp%2Fv2%2Fposts%2F3287&#038;page_number_0=2\">\u203a<\/a>                <a class=\"bwg-a last-page-0\" title=\"Gehe zur letzten Seite\" href=\"\/index.php?rest_route=%2Fwp%2Fv2%2Fposts%2F3287&#038;page_number_0=2\">\u00bb<\/a>              <\/span>\t\t\t\t\t\t<\/span>\t\t\t\t\t\t        <\/div>                <input type=\"hidden\" id=\"page_number_0\" name=\"page_number_0\" value=\"1\" \/>      <script type=\"text\/javascript\">        if( jQuery('.bwg_nav_cont_0').length > 1 ) {          jQuery('.bwg_nav_cont_0').first().remove()        }        function spider_page_0(cur, x, y, load_more) {          if (typeof load_more == \"undefined\") {            var load_more = false;          }          if (jQuery(cur).hasClass('disabled')) {            return false;          }          var items_county_0 = 2;          switch (y) {            case 1:              if (x >= items_county_0) {                document.getElementById('page_number_0').value = items_county_0;              }              else {                document.getElementById('page_number_0').value = x + 1;              }              break;            case 2:              document.getElementById('page_number_0').value = items_county_0;              break;            case -1:              if (x == 1) {                document.getElementById('page_number_0').value = 1;              }              else {                document.getElementById('page_number_0').value = x - 1;              }              break;            case -2:              document.getElementById('page_number_0').value = 1;              break;\t\t\t\t\t\tcase 0:              document.getElementById('page_number_0').value = x;              break;            default:              document.getElementById('page_number_0').value = 1;          }          bwg_ajax('gal_front_form_0', '0', 'bwg_thumbnails_0', '0', '', 'gallery', 0, '', '', load_more, '', 1);        }                    jQuery('.first-page disabled').on('click', function () {              spider_page_0(this, 1, -2, 'numeric');              return false;            });            jQuery('.prev-page disabled').on('click', function () {              spider_page_0(this, 1, -1, 'numeric');              return false;            });            jQuery('.next-page-0').on('click', function () {              spider_page_0(this, 1, 1, 'numeric');              return false;            });            jQuery('.last-page-0').on('click', function () {              spider_page_0(this, 1, 2, 'numeric');              return false;            });        \t\t\t\t\/* Change page on input enter. *\/        function bwg_change_page_0( e, that ) {          if (  e.key == 'Enter' ) {            var to_page = parseInt(jQuery(that).val());            var pages_count = jQuery(that).parents(\".pagination-links\").data(\"pages-count\");            var current_url_param = jQuery(that).attr('data-url-info');            if (to_page > pages_count) {              to_page = 1;            }\t \t\t\t\t\t\t\t\t\t\t\t\tspider_page_0(this, to_page, 0, 'numeric');\t\t\t\t\t\t\treturn false;\t\t\t\t\t\t          }          return true;        }        jQuery('.bwg_load_btn_0').on('click', function () {            spider_page_0(this, 1, 1, true);            return false;        });      <\/script>      <\/span>                <\/div>        <\/form>        <style>          #bwg_container1_0 #bwg_container2_0 #spider_popup_overlay_0 {          background-color: #000000;          opacity: 0.70;          }          <\/style>        <div id=\"bwg_spider_popup_loading_0\" class=\"bwg_spider_popup_loading\"><\/div>        <div id=\"spider_popup_overlay_0\" class=\"spider_popup_overlay\" onclick=\"spider_destroypopup(1000)\"><\/div>        <input type=\"hidden\" id=\"bwg_random_seed_0\" value=\"763487931\">                <\/div>    <\/div>    <script>      if (document.readyState === 'complete') {        if( typeof bwg_main_ready == 'function' ) {          if ( jQuery(\"#bwg_container1_0\").height() ) {            bwg_main_ready(jQuery(\"#bwg_container1_0\"));          }        }      } else {        document.addEventListener('DOMContentLoaded', function() {          if( typeof bwg_main_ready == 'function' ) {            if ( jQuery(\"#bwg_container1_0\").height() ) {             bwg_main_ready(jQuery(\"#bwg_container1_0\"));            }          }        });      }    <\/script>    \n<p>Bilder: \u00d6A Egger R., Manuel W\u00fcrtenberger, Reinhard Kircher, BFV-SZ \u00d6A und BZ, Anton Wegscheider, FF F\u00fcgen<\/p>\n","protected":false},"excerpt":{"rendered":"<div class=\"entry-summary\">\n<div class=\"entry-summary\">\nIn der Nacht von Samstag auf Sonntag (17. auf 18. Juli) trafen&hellip;\n<\/div>\n<div class=\"link-more\"><a href=\"https:\/\/ff-fuegen.at\/?p=3287\" class=\"more-link\">Continue reading<span class=\"screen-reader-text\"> &ldquo;Katastropheneinsatz Kufstein&rdquo;<\/span>&hellip;<\/a><\/div>\n<\/div>\n<div class=\"link-more\"><a href=\"https:\/\/ff-fuegen.at\/?p=3287\" class=\"more-link\">Continue reading<span class=\"screen-reader-text\"> &ldquo;Katastropheneinsatz Kufstein&rdquo;<\/span>&hellip;<\/a><\/div>\n","protected":false},"author":5,"featured_media":3288,"comment_status":"closed","ping_status":"closed","sticky":false,"template":"","format":"standard","meta":{"_acf_changed":false,"footnotes":""},"categories":[90],"tags":[],"class_list":["post-3287","post","type-post","status-publish","format-standard","has-post-thumbnail","hentry","category-2021-einsaetze","entry"],"acf":[],"_links":{"self":[{"href":"https:\/\/ff-fuegen.at\/index.php?rest_route=\/wp\/v2\/posts\/3287","targetHints":{"allow":["GET"]}}],"collection":[{"href":"https:\/\/ff-fuegen.at\/index.php?rest_route=\/wp\/v2\/posts"}],"about":[{"href":"https:\/\/ff-fuegen.at\/index.php?rest_route=\/wp\/v2\/types\/post"}],"author":[{"embeddable":true,"href":"https:\/\/ff-fuegen.at\/index.php?rest_route=\/wp\/v2\/users\/5"}],"replies":[{"embeddable":true,"href":"https:\/\/ff-fuegen.at\/index.php?rest_route=%2Fwp%2Fv2%2Fcomments&post=3287"}],"version-history":[{"count":0,"href":"https:\/\/ff-fuegen.at\/index.php?rest_route=\/wp\/v2\/posts\/3287\/revisions"}],"wp:featuredmedia":[{"embeddable":true,"href":"https:\/\/ff-fuegen.at\/index.php?rest_route=\/wp\/v2\/media\/3288"}],"wp:attachment":[{"href":"https:\/\/ff-fuegen.at\/index.php?rest_route=%2Fwp%2Fv2%2Fmedia&parent=3287"}],"wp:term":[{"taxonomy":"category","embeddable":true,"href":"https:\/\/ff-fuegen.at\/index.php?rest_route=%2Fwp%2Fv2%2Fcategories&post=3287"},{"taxonomy":"post_tag","embeddable":true,"href":"https:\/\/ff-fuegen.at\/index.php?rest_route=%2Fwp%2Fv2%2Ftags&post=3287"}],"curies":[{"name":"wp","href":"https:\/\/api.w.org\/{rel}","templated":true}]}}