{"id":3290,"date":"2021-07-20T20:27:52","date_gmt":"2021-07-20T20:27:52","guid":{"rendered":"https:\/\/ff-fuegen.at\/?p=3290"},"modified":"2021-07-24T20:30:23","modified_gmt":"2021-07-24T20:30:23","slug":"bma-einrichtungshaus-wetscher","status":"publish","type":"post","link":"https:\/\/ff-fuegen.at\/?p=3290","title":{"rendered":"BMA Einrichtungshaus Wetscher"},"content":{"rendered":"<p>Am Dienstag, 20. Juli, wurden wir um 08:47 Uhr per Pagersammelruf zu einem Brandmeldealarm beim Einrichtungshaus Wetscher gerufen.<\/p>\n<p>Noch w\u00e4hrend der Anfahrt zum Ger\u00e4tehaus wurde von der Leitstelle r\u00fcckgemeldet, dass sich der Betreiber bereits gemeldet hat. Es handelte sich um einen T\u00e4uschungsalarm ausgel\u00f6st durch Bauarbeiten. Somit war f\u00fcr uns kein Ausr\u00fccken mehr notwendig und der Einsatz beendet.<\/p>\n","protected":false},"excerpt":{"rendered":"<div class=\"entry-summary\">\n<div class=\"entry-summary\">\nAm Dienstag, 20. Juli, wurden wir um 08:47 Uhr per Pagersammelruf zu&hellip;\n<\/div>\n<div class=\"link-more\"><a href=\"https:\/\/ff-fuegen.at\/?p=3290\" class=\"more-link\">Continue reading<span class=\"screen-reader-text\"> &ldquo;BMA Einrichtungshaus Wetscher&rdquo;<\/span>&hellip;<\/a><\/div>\n<\/div>\n<div class=\"link-more\"><a href=\"https:\/\/ff-fuegen.at\/?p=3290\" class=\"more-link\">Continue reading<span class=\"screen-reader-text\"> &ldquo;BMA Einrichtungshaus Wetscher&rdquo;<\/span>&hellip;<\/a><\/div>\n","protected":false},"author":5,"featured_media":1335,"comment_status":"closed","ping_status":"closed","sticky":false,"template":"","format":"standard","meta":{"_acf_changed":false,"footnotes":""},"categories":[90],"tags":[],"class_list":["post-3290","post","type-post","status-publish","format-standard","has-post-thumbnail","hentry","category-2021-einsaetze","entry"],"acf":[],"_links":{"self":[{"href":"https:\/\/ff-fuegen.at\/index.php?rest_route=\/wp\/v2\/posts\/3290","targetHints":{"allow":["GET"]}}],"collection":[{"href":"https:\/\/ff-fuegen.at\/index.php?rest_route=\/wp\/v2\/posts"}],"about":[{"href":"https:\/\/ff-fuegen.at\/index.php?rest_route=\/wp\/v2\/types\/post"}],"author":[{"embeddable":true,"href":"https:\/\/ff-fuegen.at\/index.php?rest_route=\/wp\/v2\/users\/5"}],"replies":[{"embeddable":true,"href":"https:\/\/ff-fuegen.at\/index.php?rest_route=%2Fwp%2Fv2%2Fcomments&post=3290"}],"version-history":[{"count":0,"href":"https:\/\/ff-fuegen.at\/index.php?rest_route=\/wp\/v2\/posts\/3290\/revisions"}],"wp:featuredmedia":[{"embeddable":true,"href":"https:\/\/ff-fuegen.at\/index.php?rest_route=\/wp\/v2\/media\/1335"}],"wp:attachment":[{"href":"https:\/\/ff-fuegen.at\/index.php?rest_route=%2Fwp%2Fv2%2Fmedia&parent=3290"}],"wp:term":[{"taxonomy":"category","embeddable":true,"href":"https:\/\/ff-fuegen.at\/index.php?rest_route=%2Fwp%2Fv2%2Fcategories&post=3290"},{"taxonomy":"post_tag","embeddable":true,"href":"https:\/\/ff-fuegen.at\/index.php?rest_route=%2Fwp%2Fv2%2Ftags&post=3290"}],"curies":[{"name":"wp","href":"https:\/\/api.w.org\/{rel}","templated":true}]}}