{"id":3292,"date":"2021-07-21T20:30:36","date_gmt":"2021-07-21T20:30:36","guid":{"rendered":"https:\/\/ff-fuegen.at\/?p=3292"},"modified":"2021-07-24T20:32:52","modified_gmt":"2021-07-24T20:32:52","slug":"bma-wellnessschloessl","status":"publish","type":"post","link":"https:\/\/ff-fuegen.at\/?p=3292","title":{"rendered":"BMA Wellnessschl\u00f6ssl"},"content":{"rendered":"<p>Am Mittwoch, 21. Juli, wurden wir um 12:49 Uhr zu einem Brandmeldealarm beim Wellnessschl\u00f6ssl gerufen.<\/p>\n<p>Noch bevor das erste Fahrzeug ausger\u00fcckt war erhielten wir die Information, dass es sich um einen T\u00e4uschungsalarm, ausgel\u00f6st durch eine Kerze, gehandelt hatte.Die Feuerwehr wurde laut Betreiber nicht ben\u00f6tigt. Zur Zeit der Einsatzstorno befanden sich 7 Mitglieder im Ger\u00e4tehaus.<\/p>\n","protected":false},"excerpt":{"rendered":"<div class=\"entry-summary\">\n<div class=\"entry-summary\">\nAm Mittwoch, 21. Juli, wurden wir um 12:49 Uhr zu einem Brandmeldealarm&hellip;\n<\/div>\n<div class=\"link-more\"><a href=\"https:\/\/ff-fuegen.at\/?p=3292\" class=\"more-link\">Continue reading<span class=\"screen-reader-text\"> &ldquo;BMA Wellnessschl\u00f6ssl&rdquo;<\/span>&hellip;<\/a><\/div>\n<\/div>\n<div class=\"link-more\"><a href=\"https:\/\/ff-fuegen.at\/?p=3292\" class=\"more-link\">Continue reading<span class=\"screen-reader-text\"> &ldquo;BMA Wellnessschl\u00f6ssl&rdquo;<\/span>&hellip;<\/a><\/div>\n","protected":false},"author":5,"featured_media":1657,"comment_status":"closed","ping_status":"closed","sticky":false,"template":"","format":"standard","meta":{"_acf_changed":false,"footnotes":""},"categories":[90],"tags":[],"class_list":["post-3292","post","type-post","status-publish","format-standard","has-post-thumbnail","hentry","category-2021-einsaetze","entry"],"acf":[],"_links":{"self":[{"href":"https:\/\/ff-fuegen.at\/index.php?rest_route=\/wp\/v2\/posts\/3292","targetHints":{"allow":["GET"]}}],"collection":[{"href":"https:\/\/ff-fuegen.at\/index.php?rest_route=\/wp\/v2\/posts"}],"about":[{"href":"https:\/\/ff-fuegen.at\/index.php?rest_route=\/wp\/v2\/types\/post"}],"author":[{"embeddable":true,"href":"https:\/\/ff-fuegen.at\/index.php?rest_route=\/wp\/v2\/users\/5"}],"replies":[{"embeddable":true,"href":"https:\/\/ff-fuegen.at\/index.php?rest_route=%2Fwp%2Fv2%2Fcomments&post=3292"}],"version-history":[{"count":0,"href":"https:\/\/ff-fuegen.at\/index.php?rest_route=\/wp\/v2\/posts\/3292\/revisions"}],"wp:featuredmedia":[{"embeddable":true,"href":"https:\/\/ff-fuegen.at\/index.php?rest_route=\/wp\/v2\/media\/1657"}],"wp:attachment":[{"href":"https:\/\/ff-fuegen.at\/index.php?rest_route=%2Fwp%2Fv2%2Fmedia&parent=3292"}],"wp:term":[{"taxonomy":"category","embeddable":true,"href":"https:\/\/ff-fuegen.at\/index.php?rest_route=%2Fwp%2Fv2%2Fcategories&post=3292"},{"taxonomy":"post_tag","embeddable":true,"href":"https:\/\/ff-fuegen.at\/index.php?rest_route=%2Fwp%2Fv2%2Ftags&post=3292"}],"curies":[{"name":"wp","href":"https:\/\/api.w.org\/{rel}","templated":true}]}}