{"id":3465,"date":"2021-11-10T20:51:00","date_gmt":"2021-11-10T20:51:00","guid":{"rendered":"https:\/\/ff-fuegen.at\/?p=3465"},"modified":"2021-11-29T09:54:42","modified_gmt":"2021-11-29T09:54:42","slug":"wasserschaden-fuegen","status":"publish","type":"post","link":"https:\/\/ff-fuegen.at\/?p=3465","title":{"rendered":"Wasserschaden F\u00fcgen"},"content":{"rendered":"<p>Am Mittwoch, 10. November, wurden wir um 13:03 Uhr per Kleineinsatzschleife zu einem Wasserschaden in einem Privathaushalt alarmiert.<\/p>\n<p>Drei Mitglieder machten sich auf den Weg um nachzusehen, was genau ben\u00f6tigt wird. Am Einsatzort angekommen stellte sich heraus, dass es sich um eine geringe Menge Wasser in einer Mechanikgrube handelte. Da dies kein Fall f\u00fcr die Feuerwehr war und leicht mit einem geliehenen Wassersauger gel\u00f6st werden konnte, r\u00fcckten wir wieder ins Ger\u00e4tehaus ein.<\/p>\n","protected":false},"excerpt":{"rendered":"<div class=\"entry-summary\">\n<div class=\"entry-summary\">\nAm Mittwoch, 10. November, wurden wir um 13:03 Uhr per Kleineinsatzschleife zu&hellip;\n<\/div>\n<div class=\"link-more\"><a href=\"https:\/\/ff-fuegen.at\/?p=3465\" class=\"more-link\">Continue reading<span class=\"screen-reader-text\"> &ldquo;Wasserschaden F\u00fcgen&rdquo;<\/span>&hellip;<\/a><\/div>\n<\/div>\n<div class=\"link-more\"><a href=\"https:\/\/ff-fuegen.at\/?p=3465\" class=\"more-link\">Continue reading<span class=\"screen-reader-text\"> &ldquo;Wasserschaden F\u00fcgen&rdquo;<\/span>&hellip;<\/a><\/div>\n","protected":false},"author":5,"featured_media":3349,"comment_status":"closed","ping_status":"closed","sticky":false,"template":"","format":"standard","meta":{"_acf_changed":false,"footnotes":""},"categories":[90],"tags":[],"class_list":["post-3465","post","type-post","status-publish","format-standard","has-post-thumbnail","hentry","category-2021-einsaetze","entry"],"acf":[],"_links":{"self":[{"href":"https:\/\/ff-fuegen.at\/index.php?rest_route=\/wp\/v2\/posts\/3465","targetHints":{"allow":["GET"]}}],"collection":[{"href":"https:\/\/ff-fuegen.at\/index.php?rest_route=\/wp\/v2\/posts"}],"about":[{"href":"https:\/\/ff-fuegen.at\/index.php?rest_route=\/wp\/v2\/types\/post"}],"author":[{"embeddable":true,"href":"https:\/\/ff-fuegen.at\/index.php?rest_route=\/wp\/v2\/users\/5"}],"replies":[{"embeddable":true,"href":"https:\/\/ff-fuegen.at\/index.php?rest_route=%2Fwp%2Fv2%2Fcomments&post=3465"}],"version-history":[{"count":0,"href":"https:\/\/ff-fuegen.at\/index.php?rest_route=\/wp\/v2\/posts\/3465\/revisions"}],"wp:featuredmedia":[{"embeddable":true,"href":"https:\/\/ff-fuegen.at\/index.php?rest_route=\/wp\/v2\/media\/3349"}],"wp:attachment":[{"href":"https:\/\/ff-fuegen.at\/index.php?rest_route=%2Fwp%2Fv2%2Fmedia&parent=3465"}],"wp:term":[{"taxonomy":"category","embeddable":true,"href":"https:\/\/ff-fuegen.at\/index.php?rest_route=%2Fwp%2Fv2%2Fcategories&post=3465"},{"taxonomy":"post_tag","embeddable":true,"href":"https:\/\/ff-fuegen.at\/index.php?rest_route=%2Fwp%2Fv2%2Ftags&post=3465"}],"curies":[{"name":"wp","href":"https:\/\/api.w.org\/{rel}","templated":true}]}}