{"id":3474,"date":"2021-11-12T22:55:00","date_gmt":"2021-11-12T22:55:00","guid":{"rendered":"https:\/\/ff-fuegen.at\/?p=3474"},"modified":"2021-11-29T09:59:26","modified_gmt":"2021-11-29T09:59:26","slug":"bma-ferienhof-kampfl-7","status":"publish","type":"post","link":"https:\/\/ff-fuegen.at\/?p=3474","title":{"rendered":"BMA Ferienhof Kampfl"},"content":{"rendered":"<p>Am Freitag, 12. November, wurden wir um 16:26 Uhr per Pagersammelruf zu einem Brandmeldealarm beim Ferienhof Kampfl gerufen.<\/p>\n<p>Da die Anlage nach dem R\u00fcckstellen durch den Betreiber erneut ausl\u00f6ste, r\u00fcckten wir mit KDO-A und TLF-1 zum Einsatzort aus. Dort wurden wir informiert, dass der Melder aufgrund von Wasserdampf beim Kochen ausgel\u00f6st hatte. Die Anlage lie\u00df sich dann auch problemlos zur\u00fccksetzen.<\/p>\n<p>Somit wurde die Feuerwehr nicht mehr ben\u00f6tigt und wir r\u00fcckten wieder ins Ger\u00e4tehaus ein. Am Einsatz waren 11 Mitglieder beteiligt.<\/p>\n","protected":false},"excerpt":{"rendered":"<div class=\"entry-summary\">\n<div class=\"entry-summary\">\nAm Freitag, 12. November, wurden wir um 16:26 Uhr per Pagersammelruf zu&hellip;\n<\/div>\n<div class=\"link-more\"><a href=\"https:\/\/ff-fuegen.at\/?p=3474\" class=\"more-link\">Continue reading<span class=\"screen-reader-text\"> &ldquo;BMA Ferienhof Kampfl&rdquo;<\/span>&hellip;<\/a><\/div>\n<\/div>\n<div class=\"link-more\"><a href=\"https:\/\/ff-fuegen.at\/?p=3474\" class=\"more-link\">Continue reading<span class=\"screen-reader-text\"> &ldquo;BMA Ferienhof Kampfl&rdquo;<\/span>&hellip;<\/a><\/div>\n","protected":false},"author":5,"featured_media":3349,"comment_status":"closed","ping_status":"closed","sticky":false,"template":"","format":"standard","meta":{"_acf_changed":false,"footnotes":""},"categories":[90],"tags":[],"class_list":["post-3474","post","type-post","status-publish","format-standard","has-post-thumbnail","hentry","category-2021-einsaetze","entry"],"acf":[],"_links":{"self":[{"href":"https:\/\/ff-fuegen.at\/index.php?rest_route=\/wp\/v2\/posts\/3474","targetHints":{"allow":["GET"]}}],"collection":[{"href":"https:\/\/ff-fuegen.at\/index.php?rest_route=\/wp\/v2\/posts"}],"about":[{"href":"https:\/\/ff-fuegen.at\/index.php?rest_route=\/wp\/v2\/types\/post"}],"author":[{"embeddable":true,"href":"https:\/\/ff-fuegen.at\/index.php?rest_route=\/wp\/v2\/users\/5"}],"replies":[{"embeddable":true,"href":"https:\/\/ff-fuegen.at\/index.php?rest_route=%2Fwp%2Fv2%2Fcomments&post=3474"}],"version-history":[{"count":0,"href":"https:\/\/ff-fuegen.at\/index.php?rest_route=\/wp\/v2\/posts\/3474\/revisions"}],"wp:featuredmedia":[{"embeddable":true,"href":"https:\/\/ff-fuegen.at\/index.php?rest_route=\/wp\/v2\/media\/3349"}],"wp:attachment":[{"href":"https:\/\/ff-fuegen.at\/index.php?rest_route=%2Fwp%2Fv2%2Fmedia&parent=3474"}],"wp:term":[{"taxonomy":"category","embeddable":true,"href":"https:\/\/ff-fuegen.at\/index.php?rest_route=%2Fwp%2Fv2%2Fcategories&post=3474"},{"taxonomy":"post_tag","embeddable":true,"href":"https:\/\/ff-fuegen.at\/index.php?rest_route=%2Fwp%2Fv2%2Ftags&post=3474"}],"curies":[{"name":"wp","href":"https:\/\/api.w.org\/{rel}","templated":true}]}}