{"id":4009,"date":"2022-10-06T23:27:10","date_gmt":"2022-10-06T23:27:10","guid":{"rendered":"https:\/\/ff-fuegen.at\/?p=4009"},"modified":"2022-10-10T10:30:22","modified_gmt":"2022-10-10T10:30:22","slug":"brandmeldeanlage-rueckstellen","status":"publish","type":"post","link":"https:\/\/ff-fuegen.at\/?p=4009","title":{"rendered":"Brandmeldeanlage r\u00fcckstellen"},"content":{"rendered":"<p>Am Donnerstag, 06. Oktober, wurden wir gegen 19:15 Uhr telefonisch zu einer ausgel\u00f6sten Brandmeldeanlage in einem Appartmenthaus gerufen. Das Haus besteht aus einzeln verkauften und vermieteten Wohnungen und somit mehreren Eigent\u00fcmern.<\/p>\n<p>Die Hausanlage hatte in einem Appartment ausgel\u00f6st, der Besitzer einer Einheit wurde von seinen G\u00e4sten angerufen, war aber selbst nicht vor Ort, um die Anlage zur\u00fcckzustellen. Der zust\u00e4ndige Hausmeister war anfangs telefonisch nicht erreichbar. Somit r\u00fcckten zwei Mitglieder unserer Feuerwehr mit dem KDO-A zum Einsatzort aus. Dort hielten sie kurz R\u00fcckschau, ob es sich wirklich um keinen Notstand handelte und stellten die Anlage anschlie\u00dfend gemeinsam mit dem kurz nach ihnen eingetroffenen Hausmeister zur\u00fcck.<\/p>\n<p>Nach ca. 20 Minuten r\u00fcckten sie wieder ins Ger\u00e4tehaus ein.<\/p>\n","protected":false},"excerpt":{"rendered":"<div class=\"entry-summary\">\n<div class=\"entry-summary\">\nAm Donnerstag, 06. Oktober, wurden wir gegen 19:15 Uhr telefonisch zu einer&hellip;\n<\/div>\n<div class=\"link-more\"><a href=\"https:\/\/ff-fuegen.at\/?p=4009\" class=\"more-link\">Continue reading<span class=\"screen-reader-text\"> &ldquo;Brandmeldeanlage r\u00fcckstellen&rdquo;<\/span>&hellip;<\/a><\/div>\n<\/div>\n<div class=\"link-more\"><a href=\"https:\/\/ff-fuegen.at\/?p=4009\" class=\"more-link\">Continue reading<span class=\"screen-reader-text\"> &ldquo;Brandmeldeanlage r\u00fcckstellen&rdquo;<\/span>&hellip;<\/a><\/div>\n","protected":false},"author":5,"featured_media":3349,"comment_status":"closed","ping_status":"closed","sticky":false,"template":"","format":"standard","meta":{"_acf_changed":false,"footnotes":""},"categories":[94],"tags":[],"class_list":["post-4009","post","type-post","status-publish","format-standard","has-post-thumbnail","hentry","category-2022-einsaetze","entry"],"acf":[],"_links":{"self":[{"href":"https:\/\/ff-fuegen.at\/index.php?rest_route=\/wp\/v2\/posts\/4009","targetHints":{"allow":["GET"]}}],"collection":[{"href":"https:\/\/ff-fuegen.at\/index.php?rest_route=\/wp\/v2\/posts"}],"about":[{"href":"https:\/\/ff-fuegen.at\/index.php?rest_route=\/wp\/v2\/types\/post"}],"author":[{"embeddable":true,"href":"https:\/\/ff-fuegen.at\/index.php?rest_route=\/wp\/v2\/users\/5"}],"replies":[{"embeddable":true,"href":"https:\/\/ff-fuegen.at\/index.php?rest_route=%2Fwp%2Fv2%2Fcomments&post=4009"}],"version-history":[{"count":0,"href":"https:\/\/ff-fuegen.at\/index.php?rest_route=\/wp\/v2\/posts\/4009\/revisions"}],"wp:featuredmedia":[{"embeddable":true,"href":"https:\/\/ff-fuegen.at\/index.php?rest_route=\/wp\/v2\/media\/3349"}],"wp:attachment":[{"href":"https:\/\/ff-fuegen.at\/index.php?rest_route=%2Fwp%2Fv2%2Fmedia&parent=4009"}],"wp:term":[{"taxonomy":"category","embeddable":true,"href":"https:\/\/ff-fuegen.at\/index.php?rest_route=%2Fwp%2Fv2%2Fcategories&post=4009"},{"taxonomy":"post_tag","embeddable":true,"href":"https:\/\/ff-fuegen.at\/index.php?rest_route=%2Fwp%2Fv2%2Ftags&post=4009"}],"curies":[{"name":"wp","href":"https:\/\/api.w.org\/{rel}","templated":true}]}}