{"id":4095,"date":"2022-11-16T19:48:08","date_gmt":"2022-11-16T19:48:08","guid":{"rendered":"https:\/\/ff-fuegen.at\/?p=4095"},"modified":"2022-11-16T19:51:13","modified_gmt":"2022-11-16T19:51:13","slug":"ableben-haas-siglinde","status":"publish","type":"post","link":"https:\/\/ff-fuegen.at\/?p=4095","title":{"rendered":"Ableben Haas Siglinde"},"content":{"rendered":"<p>Und erneut erreicht uns eine traurige Nachricht, eine langj\u00e4hrige und treue Unterst\u00fctzerin der Feuerwehr Haas Siglinde, hat am Mittwoch, 16. November 2022, zum letzten Mal ihre Augen geschlossen.<\/p>\n<p>Obwohl Siglinde kein aktives Mitglied der Feuerwehr F\u00fcgen war, hat sie uns doch stets unterst\u00fctzt. F\u00fcr jedes Fest konnten wir zu ihr kommen und sie um ihre Unterst\u00fctzung bitten, solange sie dazu f\u00e4hig war, hat sie uns immer geholfen. Ein besonderes St\u00fcck Feuerwehrgeschichte und heute von ihrer Enkelin weitergef\u00fchrt, ist das Ehrenbuch unserer Feuerwehr, welches sie mit viel Liebe, Zeit und Kunstfertigkeit gestaltet hatte.<\/p>\n<p>Siglinde, wir danken dir f\u00fcr alles und hoffen, dass du nun wieder bei deinem Willi bist!<\/p>\n<p>&nbsp;<\/p>\n<p><img loading=\"lazy\" decoding=\"async\" class=\"alignnone size-full wp-image-4098\" src=\"https:\/\/ff-fuegen.at\/wp-content\/uploads\/2022\/11\/Parte-Siglinde-Haas-1.png\" alt=\"\" width=\"597\" height=\"840\" \/><\/p>\n<p>&nbsp;<\/p>\n","protected":false},"excerpt":{"rendered":"<div class=\"entry-summary\">\n<div class=\"entry-summary\">\nUnd erneut erreicht uns eine traurige Nachricht, eine langj\u00e4hrige und treue Unterst\u00fctzerin&hellip;\n<\/div>\n<div class=\"link-more\"><a href=\"https:\/\/ff-fuegen.at\/?p=4095\" class=\"more-link\">Continue reading<span class=\"screen-reader-text\"> &ldquo;Ableben Haas Siglinde&rdquo;<\/span>&hellip;<\/a><\/div>\n<\/div>\n<div class=\"link-more\"><a href=\"https:\/\/ff-fuegen.at\/?p=4095\" class=\"more-link\">Continue reading<span class=\"screen-reader-text\"> &ldquo;Ableben Haas Siglinde&rdquo;<\/span>&hellip;<\/a><\/div>\n","protected":false},"author":5,"featured_media":4096,"comment_status":"closed","ping_status":"closed","sticky":false,"template":"","format":"standard","meta":{"_acf_changed":false,"footnotes":""},"categories":[95],"tags":[],"class_list":["post-4095","post","type-post","status-publish","format-standard","has-post-thumbnail","hentry","category-2022-taetigkeiten","entry"],"acf":[],"_links":{"self":[{"href":"https:\/\/ff-fuegen.at\/index.php?rest_route=\/wp\/v2\/posts\/4095","targetHints":{"allow":["GET"]}}],"collection":[{"href":"https:\/\/ff-fuegen.at\/index.php?rest_route=\/wp\/v2\/posts"}],"about":[{"href":"https:\/\/ff-fuegen.at\/index.php?rest_route=\/wp\/v2\/types\/post"}],"author":[{"embeddable":true,"href":"https:\/\/ff-fuegen.at\/index.php?rest_route=\/wp\/v2\/users\/5"}],"replies":[{"embeddable":true,"href":"https:\/\/ff-fuegen.at\/index.php?rest_route=%2Fwp%2Fv2%2Fcomments&post=4095"}],"version-history":[{"count":0,"href":"https:\/\/ff-fuegen.at\/index.php?rest_route=\/wp\/v2\/posts\/4095\/revisions"}],"wp:featuredmedia":[{"embeddable":true,"href":"https:\/\/ff-fuegen.at\/index.php?rest_route=\/wp\/v2\/media\/4096"}],"wp:attachment":[{"href":"https:\/\/ff-fuegen.at\/index.php?rest_route=%2Fwp%2Fv2%2Fmedia&parent=4095"}],"wp:term":[{"taxonomy":"category","embeddable":true,"href":"https:\/\/ff-fuegen.at\/index.php?rest_route=%2Fwp%2Fv2%2Fcategories&post=4095"},{"taxonomy":"post_tag","embeddable":true,"href":"https:\/\/ff-fuegen.at\/index.php?rest_route=%2Fwp%2Fv2%2Ftags&post=4095"}],"curies":[{"name":"wp","href":"https:\/\/api.w.org\/{rel}","templated":true}]}}