{"id":4158,"date":"2022-12-17T23:08:09","date_gmt":"2022-12-17T23:08:09","guid":{"rendered":"https:\/\/ff-fuegen.at\/?p=4158"},"modified":"2022-12-28T18:13:54","modified_gmt":"2022-12-28T18:13:54","slug":"christkindeinzug-2022","status":"publish","type":"post","link":"https:\/\/ff-fuegen.at\/?p=4158","title":{"rendered":"Christkindeinzug 2022"},"content":{"rendered":"<p>Am 17. Dezember waren wir beim diesj\u00e4hrigen Christkindeinzug wieder f\u00fcr die Verkehrsregelung zust\u00e4ndig, damit alle TeilnehmerInnen und Familienmitglieder sicher zum Schlossplatz gelangten. Nach ca. 2 Stunden war der Einsatz f\u00fcr uns abgeschlossen und die Einsatzbereitschaft wieder hergestellt.<\/p>\n","protected":false},"excerpt":{"rendered":"<div class=\"entry-summary\">\n<div class=\"entry-summary\">\nAm 17. Dezember waren wir beim diesj\u00e4hrigen Christkindeinzug wieder f\u00fcr die Verkehrsregelung&hellip;\n<\/div>\n<div class=\"link-more\"><a href=\"https:\/\/ff-fuegen.at\/?p=4158\" class=\"more-link\">Continue reading<span class=\"screen-reader-text\"> &ldquo;Christkindeinzug 2022&rdquo;<\/span>&hellip;<\/a><\/div>\n<\/div>\n<div class=\"link-more\"><a href=\"https:\/\/ff-fuegen.at\/?p=4158\" class=\"more-link\">Continue reading<span class=\"screen-reader-text\"> &ldquo;Christkindeinzug 2022&rdquo;<\/span>&hellip;<\/a><\/div>\n","protected":false},"author":5,"featured_media":3349,"comment_status":"closed","ping_status":"closed","sticky":false,"template":"","format":"standard","meta":{"_acf_changed":false,"footnotes":""},"categories":[94],"tags":[],"class_list":["post-4158","post","type-post","status-publish","format-standard","has-post-thumbnail","hentry","category-2022-einsaetze","entry"],"acf":[],"_links":{"self":[{"href":"https:\/\/ff-fuegen.at\/index.php?rest_route=\/wp\/v2\/posts\/4158","targetHints":{"allow":["GET"]}}],"collection":[{"href":"https:\/\/ff-fuegen.at\/index.php?rest_route=\/wp\/v2\/posts"}],"about":[{"href":"https:\/\/ff-fuegen.at\/index.php?rest_route=\/wp\/v2\/types\/post"}],"author":[{"embeddable":true,"href":"https:\/\/ff-fuegen.at\/index.php?rest_route=\/wp\/v2\/users\/5"}],"replies":[{"embeddable":true,"href":"https:\/\/ff-fuegen.at\/index.php?rest_route=%2Fwp%2Fv2%2Fcomments&post=4158"}],"version-history":[{"count":0,"href":"https:\/\/ff-fuegen.at\/index.php?rest_route=\/wp\/v2\/posts\/4158\/revisions"}],"wp:featuredmedia":[{"embeddable":true,"href":"https:\/\/ff-fuegen.at\/index.php?rest_route=\/wp\/v2\/media\/3349"}],"wp:attachment":[{"href":"https:\/\/ff-fuegen.at\/index.php?rest_route=%2Fwp%2Fv2%2Fmedia&parent=4158"}],"wp:term":[{"taxonomy":"category","embeddable":true,"href":"https:\/\/ff-fuegen.at\/index.php?rest_route=%2Fwp%2Fv2%2Fcategories&post=4158"},{"taxonomy":"post_tag","embeddable":true,"href":"https:\/\/ff-fuegen.at\/index.php?rest_route=%2Fwp%2Fv2%2Ftags&post=4158"}],"curies":[{"name":"wp","href":"https:\/\/api.w.org\/{rel}","templated":true}]}}