{"id":4160,"date":"2022-12-22T23:24:47","date_gmt":"2022-12-22T23:24:47","guid":{"rendered":"https:\/\/ff-fuegen.at\/?p=4160"},"modified":"2022-12-28T18:27:32","modified_gmt":"2022-12-28T18:27:32","slug":"vermuteter-kaminbrand","status":"publish","type":"post","link":"https:\/\/ff-fuegen.at\/?p=4160","title":{"rendered":"Vermuteter Kaminbrand"},"content":{"rendered":"<p>Am Donnerstag, 22. Dezember 2022, wurden wir um 20:04 Uhr telefonisch zu einem vermuteten Kaminbrand alarmiert. Unser Kommandant lie\u00df aufgrund der Meldung sofort \u00fcber Funk den Pagersammelruf ausl\u00f6sen.<\/p>\n<p>Nach ca. 5 Minuten r\u00fcckten wir mit KDO-A, TLF-1, TLF-2 und DLK zum Einsatzort aus, dort angekommen stellte sich nach Kontrolle mit der W\u00e4rmebildkamera heraus, dass es sich um keinen Kaminbrand handelte.<\/p>\n<p>Somit war der Einsatz f\u00fcr uns beendet und die 29 Mitglieder r\u00fcckten wieder ins Ger\u00e4tehaus ein.<\/p>\n","protected":false},"excerpt":{"rendered":"<div class=\"entry-summary\">\n<div class=\"entry-summary\">\nAm Donnerstag, 22. Dezember 2022, wurden wir um 20:04 Uhr telefonisch zu&hellip;\n<\/div>\n<div class=\"link-more\"><a href=\"https:\/\/ff-fuegen.at\/?p=4160\" class=\"more-link\">Continue reading<span class=\"screen-reader-text\"> &ldquo;Vermuteter Kaminbrand&rdquo;<\/span>&hellip;<\/a><\/div>\n<\/div>\n<div class=\"link-more\"><a href=\"https:\/\/ff-fuegen.at\/?p=4160\" class=\"more-link\">Continue reading<span class=\"screen-reader-text\"> &ldquo;Vermuteter Kaminbrand&rdquo;<\/span>&hellip;<\/a><\/div>\n","protected":false},"author":5,"featured_media":3315,"comment_status":"closed","ping_status":"closed","sticky":false,"template":"","format":"standard","meta":{"_acf_changed":false,"footnotes":""},"categories":[94],"tags":[],"class_list":["post-4160","post","type-post","status-publish","format-standard","has-post-thumbnail","hentry","category-2022-einsaetze","entry"],"acf":[],"_links":{"self":[{"href":"https:\/\/ff-fuegen.at\/index.php?rest_route=\/wp\/v2\/posts\/4160","targetHints":{"allow":["GET"]}}],"collection":[{"href":"https:\/\/ff-fuegen.at\/index.php?rest_route=\/wp\/v2\/posts"}],"about":[{"href":"https:\/\/ff-fuegen.at\/index.php?rest_route=\/wp\/v2\/types\/post"}],"author":[{"embeddable":true,"href":"https:\/\/ff-fuegen.at\/index.php?rest_route=\/wp\/v2\/users\/5"}],"replies":[{"embeddable":true,"href":"https:\/\/ff-fuegen.at\/index.php?rest_route=%2Fwp%2Fv2%2Fcomments&post=4160"}],"version-history":[{"count":0,"href":"https:\/\/ff-fuegen.at\/index.php?rest_route=\/wp\/v2\/posts\/4160\/revisions"}],"wp:featuredmedia":[{"embeddable":true,"href":"https:\/\/ff-fuegen.at\/index.php?rest_route=\/wp\/v2\/media\/3315"}],"wp:attachment":[{"href":"https:\/\/ff-fuegen.at\/index.php?rest_route=%2Fwp%2Fv2%2Fmedia&parent=4160"}],"wp:term":[{"taxonomy":"category","embeddable":true,"href":"https:\/\/ff-fuegen.at\/index.php?rest_route=%2Fwp%2Fv2%2Fcategories&post=4160"},{"taxonomy":"post_tag","embeddable":true,"href":"https:\/\/ff-fuegen.at\/index.php?rest_route=%2Fwp%2Fv2%2Ftags&post=4160"}],"curies":[{"name":"wp","href":"https:\/\/api.w.org\/{rel}","templated":true}]}}