{"id":6245,"date":"2024-12-22T22:33:00","date_gmt":"2024-12-22T22:33:00","guid":{"rendered":"https:\/\/ff-fuegen.at\/?p=6245"},"modified":"2025-01-02T17:53:16","modified_gmt":"2025-01-02T17:53:16","slug":"verkehrsregelungen-im-advent","status":"publish","type":"post","link":"https:\/\/ff-fuegen.at\/?p=6245","title":{"rendered":"Verkehrsregelungen im Advent"},"content":{"rendered":"\n<p>In der Adventszeit werden stets viele Veranstaltungen abgehalten, vor allem, wenn die Schulen und Kinderg\u00e4rten daran teilnehmen ist eine sichere Abwicklung wichtig. <\/p>\n\n\n\n<p>Hierzu sind wir bereits im November bei den Martinsumz\u00fcgen zur Verkehrsregelung dabei. Und auch am 07. und 22. Dezember war die Feuerwehr F\u00fcgen mit einigen Mitgliedern im Bereich Schloss F\u00fcgen f\u00fcr die Verkehrsregelung zust\u00e4ndig.<\/p>\n","protected":false},"excerpt":{"rendered":"<div class=\"entry-summary\">\n<div class=\"entry-summary\">\nIn der Adventszeit werden stets viele Veranstaltungen abgehalten, vor allem, wenn die&hellip;\n<\/div>\n<div class=\"link-more\"><a href=\"https:\/\/ff-fuegen.at\/?p=6245\" class=\"more-link\">Continue reading<span class=\"screen-reader-text\"> &ldquo;Verkehrsregelungen im Advent&rdquo;<\/span>&hellip;<\/a><\/div>\n<\/div>\n<div class=\"link-more\"><a href=\"https:\/\/ff-fuegen.at\/?p=6245\" class=\"more-link\">Continue reading<span class=\"screen-reader-text\"> &ldquo;Verkehrsregelungen im Advent&rdquo;<\/span>&hellip;<\/a><\/div>\n","protected":false},"author":5,"featured_media":6291,"comment_status":"closed","ping_status":"closed","sticky":false,"template":"","format":"standard","meta":{"_acf_changed":false,"footnotes":""},"categories":[101],"tags":[],"class_list":["post-6245","post","type-post","status-publish","format-standard","has-post-thumbnail","hentry","category-2024-taetigkeiten","entry"],"acf":[],"_links":{"self":[{"href":"https:\/\/ff-fuegen.at\/index.php?rest_route=\/wp\/v2\/posts\/6245","targetHints":{"allow":["GET"]}}],"collection":[{"href":"https:\/\/ff-fuegen.at\/index.php?rest_route=\/wp\/v2\/posts"}],"about":[{"href":"https:\/\/ff-fuegen.at\/index.php?rest_route=\/wp\/v2\/types\/post"}],"author":[{"embeddable":true,"href":"https:\/\/ff-fuegen.at\/index.php?rest_route=\/wp\/v2\/users\/5"}],"replies":[{"embeddable":true,"href":"https:\/\/ff-fuegen.at\/index.php?rest_route=%2Fwp%2Fv2%2Fcomments&post=6245"}],"version-history":[{"count":1,"href":"https:\/\/ff-fuegen.at\/index.php?rest_route=\/wp\/v2\/posts\/6245\/revisions"}],"predecessor-version":[{"id":6246,"href":"https:\/\/ff-fuegen.at\/index.php?rest_route=\/wp\/v2\/posts\/6245\/revisions\/6246"}],"wp:featuredmedia":[{"embeddable":true,"href":"https:\/\/ff-fuegen.at\/index.php?rest_route=\/wp\/v2\/media\/6291"}],"wp:attachment":[{"href":"https:\/\/ff-fuegen.at\/index.php?rest_route=%2Fwp%2Fv2%2Fmedia&parent=6245"}],"wp:term":[{"taxonomy":"category","embeddable":true,"href":"https:\/\/ff-fuegen.at\/index.php?rest_route=%2Fwp%2Fv2%2Fcategories&post=6245"},{"taxonomy":"post_tag","embeddable":true,"href":"https:\/\/ff-fuegen.at\/index.php?rest_route=%2Fwp%2Fv2%2Ftags&post=6245"}],"curies":[{"name":"wp","href":"https:\/\/api.w.org\/{rel}","templated":true}]}}