{"id":6976,"date":"2025-07-13T17:06:25","date_gmt":"2025-07-13T17:06:25","guid":{"rendered":"https:\/\/ff-fuegen.at\/?p=6976"},"modified":"2025-07-14T08:00:42","modified_gmt":"2025-07-14T08:00:42","slug":"60-geburtstag-reinhard-haun","status":"publish","type":"post","link":"https:\/\/ff-fuegen.at\/?p=6976","title":{"rendered":"60. Geburtstag Reinhard Haun"},"content":{"rendered":"\n<p>Unser langj\u00e4hriger Kommandant und Abschnittsbrandinspektor Reinhard Haun feierte am 10. Juli 2025 seinen 60. Geburtstag!<br>Aus diesem Anlass \u00fcberbrachte ein Teil unseres Ausschusses am 11. Juli bei seiner Geburtstagsfeier die Gl\u00fcckw\u00fcnsche der gesamten Kameradschaft.<\/p>\n\n\n\n<p>Lieber Reinhard, wir danken dir herzlich f\u00fcr deinen jahrzehntelangen Einsatz und dein Engagement und w\u00fcnschen dir weiterhin viel Gesundheit, Gl\u00fcck und alles Gute f\u00fcr die Zukunft! &#x1f340;&#x1f692;<\/p>\n","protected":false},"excerpt":{"rendered":"<div class=\"entry-summary\">\n<div class=\"entry-summary\">\nUnser langj\u00e4hriger Kommandant und Abschnittsbrandinspektor Reinhard Haun feierte am 10. Juli 2025&hellip;\n<\/div>\n<div class=\"link-more\"><a href=\"https:\/\/ff-fuegen.at\/?p=6976\" class=\"more-link\">Continue reading<span class=\"screen-reader-text\"> &ldquo;60. Geburtstag Reinhard Haun&rdquo;<\/span>&hellip;<\/a><\/div>\n<\/div>\n<div class=\"link-more\"><a href=\"https:\/\/ff-fuegen.at\/?p=6976\" class=\"more-link\">Continue reading<span class=\"screen-reader-text\"> &ldquo;60. Geburtstag Reinhard Haun&rdquo;<\/span>&hellip;<\/a><\/div>\n","protected":false},"author":12,"featured_media":6983,"comment_status":"closed","ping_status":"closed","sticky":false,"template":"","format":"standard","meta":{"_acf_changed":false,"footnotes":""},"categories":[122],"tags":[],"class_list":["post-6976","post","type-post","status-publish","format-standard","has-post-thumbnail","hentry","category-2025-taetigkeiten","entry"],"acf":[],"_links":{"self":[{"href":"https:\/\/ff-fuegen.at\/index.php?rest_route=\/wp\/v2\/posts\/6976","targetHints":{"allow":["GET"]}}],"collection":[{"href":"https:\/\/ff-fuegen.at\/index.php?rest_route=\/wp\/v2\/posts"}],"about":[{"href":"https:\/\/ff-fuegen.at\/index.php?rest_route=\/wp\/v2\/types\/post"}],"author":[{"embeddable":true,"href":"https:\/\/ff-fuegen.at\/index.php?rest_route=\/wp\/v2\/users\/12"}],"replies":[{"embeddable":true,"href":"https:\/\/ff-fuegen.at\/index.php?rest_route=%2Fwp%2Fv2%2Fcomments&post=6976"}],"version-history":[{"count":2,"href":"https:\/\/ff-fuegen.at\/index.php?rest_route=\/wp\/v2\/posts\/6976\/revisions"}],"predecessor-version":[{"id":6979,"href":"https:\/\/ff-fuegen.at\/index.php?rest_route=\/wp\/v2\/posts\/6976\/revisions\/6979"}],"wp:featuredmedia":[{"embeddable":true,"href":"https:\/\/ff-fuegen.at\/index.php?rest_route=\/wp\/v2\/media\/6983"}],"wp:attachment":[{"href":"https:\/\/ff-fuegen.at\/index.php?rest_route=%2Fwp%2Fv2%2Fmedia&parent=6976"}],"wp:term":[{"taxonomy":"category","embeddable":true,"href":"https:\/\/ff-fuegen.at\/index.php?rest_route=%2Fwp%2Fv2%2Fcategories&post=6976"},{"taxonomy":"post_tag","embeddable":true,"href":"https:\/\/ff-fuegen.at\/index.php?rest_route=%2Fwp%2Fv2%2Ftags&post=6976"}],"curies":[{"name":"wp","href":"https:\/\/api.w.org\/{rel}","templated":true}]}}